{"id":4933,"date":"2026-01-30T12:32:57","date_gmt":"2026-01-30T15:32:57","guid":{"rendered":"https:\/\/www.encontraassis.com.br\/guia\/fim-de-semana-em-assis-tera-calor-alta-umidade-e-risco-de-pancadas-de-chuva\/"},"modified":"2026-01-30T12:32:57","modified_gmt":"2026-01-30T15:32:57","slug":"fim-de-semana-em-assis-tera-calor-alta-umidade-e-risco-de-pancadas-de-chuva","status":"publish","type":"post","link":"https:\/\/www.encontraassis.com.br\/guia\/fim-de-semana-em-assis-tera-calor-alta-umidade-e-risco-de-pancadas-de-chuva\/","title":{"rendered":"Fim de semana em Assis ter\u00e1 calor, alta umidade e risco de pancadas de chuva"},"content":{"rendered":"<h2>Previs\u00e3o do Tempo para Assis<\/h2>\n<p>Durante o fim de semana, Assis, no estado de S\u00e3o Paulo, enfrentar\u00e1 um clima inst\u00e1vel. A previs\u00e3o meteorol\u00f3gica indica que o per\u00edodo de 30 de janeiro a 1\u00ba de fevereiro de 2026 ser\u00e1 caracterizado por alta umidade, aumento nas temperaturas e a possibilidade de pancadas de chuva. Esse conjunto de fatores far\u00e1 com que os moradores e visitantes da cidade precisem preparar-se para varia\u00e7\u00f5es clim\u00e1ticas ao longo desses dias.<\/p>\n<h2>Calor e Umidade Elevada<\/h2>\n<p>As temperaturas esperadas para Assis neste final de semana poder\u00e3o alcan\u00e7ar at\u00e9 31\u00baC, o que, somado \u00e0 alta umidade do ar que pode variar entre 60% e 100%, criar\u00e1 uma sensa\u00e7\u00e3o de calor ainda mais intensa. Essa combina\u00e7\u00e3o \u00e9 t\u00edpica da regi\u00e3o nesta \u00e9poca do ano, onde os dias costumam ser quentes e \u00famidos. A temperatura m\u00ednima dever\u00e1 ficar em torno de 21\u00baC, corroborando a expectativa de calor.<\/p>\n<h2>Impacto das Pancadas de Chuva<\/h2>\n<p>Embora o calor predomine, a previs\u00e3o tamb\u00e9m garante a possibilidade de chuvas, especialmente durante a tarde e \u00e0 noite. Essas pancadas podem ser acompanhadas de trovoadas isoladas, revelando um padr\u00e3o clim\u00e1tico inst\u00e1vel que merece aten\u00e7\u00e3o, principalmente para quem planeja atividades ao ar livre. As pancadas podem aliviar temporariamente o calor, mas tamb\u00e9m podem causar interrup\u00e7\u00f5es nas programa\u00e7\u00f5es, portanto, \u00e9 essencial ficar atento \u00e0s mudan\u00e7as nas condi\u00e7\u00f5es clim\u00e1ticas.<\/p>\n<p><img decoding=\"async\" src=\"https:\/\/www.encontraassis.com.br\/guia\/wp-content\/uploads\/2026\/01\/fim-de-semana-em-assis-tera-calor-alta-umidade-e-risco-de-pancadas-de-chuva.webp\" alt=\"fim de semana em Assis\" loading=\"lazy\" \/><\/p>\n<h2>Dicas para Aproveitar o Fim de Semana<\/h2>\n<p>Para aqueles que desejam desfrutar do fim de semana em Assis, aqui est\u00e3o algumas sugest\u00f5es:<\/p>\n<ul>\n<li><strong>Verifique a Previs\u00e3o:<\/strong> Acompanhe as atualiza\u00e7\u00f5es meteorol\u00f3gicas antes de sair de casa. Aplicativos e sites de meteorologia podem fornecer informa\u00e7\u00f5es em tempo real.<\/li>\n<li><strong>Prepare-se para as Chuvas:<\/strong> Caso tenha atividades ao ar livre, considere levar uma capa de chuva ou um guarda-chuva. Assim, mesmo que a chuva surpreenda, voc\u00ea estar\u00e1 preparado.<\/li>\n<li><strong>Hidrate-se:<\/strong> Diante do calor, \u00e9 fundamental manter-se hidratado, especialmente se voc\u00ea estiver exposto ao sol. Beber \u00e1gua com frequ\u00eancia ajuda a evitar problemas de sa\u00fade.<\/li>\n<li><strong>Atividades em Locais Cobertos:<\/strong> Considere planejar atividades em ambientes fechados caso a previs\u00e3o de chuva se concretize. Museus, cinemas e caf\u00e9s s\u00e3o boas op\u00e7\u00f5es.<\/li>\n<\/ul>\n<h2>Como o Clima Pode Afetar Atividades ao Ar Livre<\/h2>\n<p>A instabilidade do clima pode impactar significativamente as atividades externas. Eventos, passeios e reuni\u00f5es ao ar livre devem ser monitorados com cautela. As pancadas de chuva podem come\u00e7ar repentinamente, e o aumento da umidade pode tornar o dia desconfort\u00e1vel para algumas pessoas. Ao planejar atividades, \u00e9 importante considerar a possibilidade de altera\u00e7\u00f5es de \u00faltima hora.<\/p>\n<h2>A Import\u00e2ncia de se Manter Atualizado<\/h2>\n<p>Manter-se informado sobre as condi\u00e7\u00f5es clim\u00e1ticas e as previs\u00f5es \u00e9 fundamental, especialmente durante um fim de semana em que o clima pode mudar rapidamente. Isso \u00e9 especialmente relevante para aqueles que pretendem participar de eventos ao ar livre. Ajustes de hor\u00e1rios e locais podem ser necess\u00e1rios para garantir seguran\u00e7a e conforto a todos os participantes.<\/p>\n<h2>Cuidado com as Trovoadas<\/h2>\n<p>As trovoadas que acompanham as chuvas podem representar um risco adicional. \u00c9 aconselh\u00e1vel evitar \u00e1reas abertas durante per\u00edodos de tempestade e buscar abrigo quando h\u00e1 rel\u00e2mpagos. A seguran\u00e7a deve ser sempre priorizada, e essa precau\u00e7\u00e3o pode evitar acidentes.<\/p>\n<h2>Expectativa de Temperaturas Altas<\/h2>\n<p>As temperaturas elevadas esperadas ao longo do fim de semana podem criar um ambiente prop\u00edcio para o calor excessivo. Especialmente durante a tarde, os \u00edndices de calor podem se intensificar. A combina\u00e7\u00e3o da temperatura e umidade pode levar a um quadro de desconforto, tornando importante a ado\u00e7\u00e3o de medidas de preven\u00e7\u00e3o.<\/p>\n<h2>Altera\u00e7\u00f5es no Clima ao Longo da Semana<\/h2>\n<p>A previs\u00e3o para o in\u00edcio da semana seguinte tamb\u00e9m deve ser considerada. Muitas vezes, as condi\u00e7\u00f5es do fim de semana podem ser um indicador de como a semana vai se desenvolver em termos de clima. Aqueles que trabalham ou estudam devem estar preparados para poss\u00edveis varia\u00e7\u00f5es na temperatura e nas condi\u00e7\u00f5es de umidade nos dias consecutivos.<\/p>\n<h2>Vig\u00eancia de Alertas Meteorol\u00f3gicos<\/h2>\n<p>Por \u00faltimo, \u00e9 crucial acompanhar qualquer alerta meteorol\u00f3gico emitido pelas autoridades competentes. Estes avisos podem informar sobre riscos de chuvas intensas, trovoadas e outras condi\u00e7\u00f5es adversas. Esteja sempre ciente dos comunicados e prepare-se para adaptar seus planos conforme necess\u00e1rio.<\/p>\n","protected":false},"excerpt":{"rendered":"<p>Fim de semana em Assis promete calor intenso e poss\u00edveis chuvas.<\/p>\n","protected":false},"author":1,"featured_media":4932,"comment_status":"open","ping_status":"open","sticky":false,"template":"","format":"standard","meta":{"footnotes":""},"categories":[5],"tags":[],"class_list":["post-4933","post","type-post","status-publish","format-standard","has-post-thumbnail","hentry","category-noticias","has_thumb"],"yoast_head":"<!-- This site is optimized with the Yoast SEO plugin v26.4 - https:\/\/yoast.com\/wordpress\/plugins\/seo\/ -->\n<title>Fim de semana em Assis ter\u00e1 calor, alta umidade e risco de pancadas de chuva | Guia Comercial de Assis SP<\/title>\n<meta name=\"robots\" content=\"index, follow, max-snippet:-1, max-image-preview:large, max-video-preview:-1\" \/>\n<link rel=\"canonical\" href=\"https:\/\/www.encontraassis.com.br\/guia\/fim-de-semana-em-assis-tera-calor-alta-umidade-e-risco-de-pancadas-de-chuva\/\" \/>\n<meta property=\"og:locale\" content=\"pt_BR\" \/>\n<meta property=\"og:type\" content=\"article\" \/>\n<meta property=\"og:title\" content=\"Fim de semana em Assis ter\u00e1 calor, alta umidade e risco de pancadas de chuva | Guia Comercial de Assis SP\" \/>\n<meta property=\"og:description\" content=\"Fim de semana em Assis promete calor intenso e poss\u00edveis chuvas.\" \/>\n<meta property=\"og:url\" content=\"https:\/\/www.encontraassis.com.br\/guia\/fim-de-semana-em-assis-tera-calor-alta-umidade-e-risco-de-pancadas-de-chuva\/\" \/>\n<meta property=\"og:site_name\" content=\"Guia Comercial de Assis SP\" \/>\n<meta property=\"article:published_time\" content=\"2026-01-30T15:32:57+00:00\" \/>\n<meta property=\"og:image\" content=\"https:\/\/www.encontraassis.com.br\/guia\/wp-content\/uploads\/2026\/01\/fim-de-semana-em-assis-tera-calor-alta-umidade-e-risco-de-pancadas-de-chuva.webp\" \/>\n<meta name=\"author\" content=\"Encontra Assis\" \/>\n<meta name=\"twitter:card\" content=\"summary_large_image\" \/>\n<meta name=\"twitter:label1\" content=\"Escrito por\" \/>\n\t<meta name=\"twitter:data1\" content=\"Encontra Assis\" \/>\n\t<meta name=\"twitter:label2\" content=\"Est. tempo de leitura\" \/>\n\t<meta name=\"twitter:data2\" content=\"4 minutos\" \/>\n<script type=\"application\/ld+json\" class=\"yoast-schema-graph\">{\"@context\":\"https:\/\/schema.org\",\"@graph\":[{\"@type\":\"WebPage\",\"@id\":\"https:\/\/www.encontraassis.com.br\/guia\/fim-de-semana-em-assis-tera-calor-alta-umidade-e-risco-de-pancadas-de-chuva\/\",\"url\":\"https:\/\/www.encontraassis.com.br\/guia\/fim-de-semana-em-assis-tera-calor-alta-umidade-e-risco-de-pancadas-de-chuva\/\",\"name\":\"Fim de semana em Assis ter\u00e1 calor, alta umidade e risco de pancadas de chuva | Guia Comercial de Assis SP\",\"isPartOf\":{\"@id\":\"https:\/\/www.encontraassis.com.br\/guia\/#website\"},\"primaryImageOfPage\":{\"@id\":\"https:\/\/www.encontraassis.com.br\/guia\/fim-de-semana-em-assis-tera-calor-alta-umidade-e-risco-de-pancadas-de-chuva\/#primaryimage\"},\"image\":{\"@id\":\"https:\/\/www.encontraassis.com.br\/guia\/fim-de-semana-em-assis-tera-calor-alta-umidade-e-risco-de-pancadas-de-chuva\/#primaryimage\"},\"thumbnailUrl\":\"https:\/\/www.encontraassis.com.br\/guia\/wp-content\/uploads\/2026\/01\/fim-de-semana-em-assis-tera-calor-alta-umidade-e-risco-de-pancadas-de-chuva.webp\",\"datePublished\":\"2026-01-30T15:32:57+00:00\",\"author\":{\"@id\":\"https:\/\/www.encontraassis.com.br\/guia\/#\/schema\/person\/05eae637c8b283c24716ab905641bc4c\"},\"inLanguage\":\"pt-BR\",\"potentialAction\":[{\"@type\":\"ReadAction\",\"target\":[\"https:\/\/www.encontraassis.com.br\/guia\/fim-de-semana-em-assis-tera-calor-alta-umidade-e-risco-de-pancadas-de-chuva\/\"]}]},{\"@type\":\"ImageObject\",\"inLanguage\":\"pt-BR\",\"@id\":\"https:\/\/www.encontraassis.com.br\/guia\/fim-de-semana-em-assis-tera-calor-alta-umidade-e-risco-de-pancadas-de-chuva\/#primaryimage\",\"url\":\"https:\/\/www.encontraassis.com.br\/guia\/wp-content\/uploads\/2026\/01\/fim-de-semana-em-assis-tera-calor-alta-umidade-e-risco-de-pancadas-de-chuva.webp\",\"contentUrl\":\"https:\/\/www.encontraassis.com.br\/guia\/wp-content\/uploads\/2026\/01\/fim-de-semana-em-assis-tera-calor-alta-umidade-e-risco-de-pancadas-de-chuva.webp\",\"width\":280,\"height\":280,\"caption\":\"fim de semana em Assis\"},{\"@type\":\"WebSite\",\"@id\":\"https:\/\/www.encontraassis.com.br\/guia\/#website\",\"url\":\"https:\/\/www.encontraassis.com.br\/guia\/\",\"name\":\"Guia Comercial de Assis SP\",\"description\":\"ENCONTRA ASSIS - O guia comercial de neg\u00f3cios e empresas, cultura e divers\u00e3o na cidade de Assis. Feito 100% para voc\u00ea morador!\",\"potentialAction\":[{\"@type\":\"SearchAction\",\"target\":{\"@type\":\"EntryPoint\",\"urlTemplate\":\"https:\/\/www.encontraassis.com.br\/guia\/?s={search_term_string}\"},\"query-input\":{\"@type\":\"PropertyValueSpecification\",\"valueRequired\":true,\"valueName\":\"search_term_string\"}}],\"inLanguage\":\"pt-BR\"},{\"@type\":\"Person\",\"@id\":\"https:\/\/www.encontraassis.com.br\/guia\/#\/schema\/person\/05eae637c8b283c24716ab905641bc4c\",\"name\":\"Encontra Assis\",\"image\":{\"@type\":\"ImageObject\",\"inLanguage\":\"pt-BR\",\"@id\":\"https:\/\/www.encontraassis.com.br\/guia\/#\/schema\/person\/image\/\",\"url\":\"https:\/\/secure.gravatar.com\/avatar\/c50c17820bcf322f0a8fd6b110b8c0918141409dc69076470f6fca5fee70a5d4?s=96&d=mm&r=g\",\"contentUrl\":\"https:\/\/secure.gravatar.com\/avatar\/c50c17820bcf322f0a8fd6b110b8c0918141409dc69076470f6fca5fee70a5d4?s=96&d=mm&r=g\",\"caption\":\"Encontra Assis\"},\"url\":\"https:\/\/www.encontraassis.com.br\/guia\/author\/encontraassis\/\"}]}<\/script>\n<!-- \/ Yoast SEO plugin. -->","yoast_head_json":{"title":"Fim de semana em Assis ter\u00e1 calor, alta umidade e risco de pancadas de chuva | Guia Comercial de Assis SP","robots":{"index":"index","follow":"follow","max-snippet":"max-snippet:-1","max-image-preview":"max-image-preview:large","max-video-preview":"max-video-preview:-1"},"canonical":"https:\/\/www.encontraassis.com.br\/guia\/fim-de-semana-em-assis-tera-calor-alta-umidade-e-risco-de-pancadas-de-chuva\/","og_locale":"pt_BR","og_type":"article","og_title":"Fim de semana em Assis ter\u00e1 calor, alta umidade e risco de pancadas de chuva | Guia Comercial de Assis SP","og_description":"Fim de semana em Assis promete calor intenso e poss\u00edveis chuvas.","og_url":"https:\/\/www.encontraassis.com.br\/guia\/fim-de-semana-em-assis-tera-calor-alta-umidade-e-risco-de-pancadas-de-chuva\/","og_site_name":"Guia Comercial de Assis SP","article_published_time":"2026-01-30T15:32:57+00:00","og_image":[{"url":"https:\/\/www.encontraassis.com.br\/guia\/wp-content\/uploads\/2026\/01\/fim-de-semana-em-assis-tera-calor-alta-umidade-e-risco-de-pancadas-de-chuva.webp","type":"","width":"","height":""}],"author":"Encontra Assis","twitter_card":"summary_large_image","twitter_misc":{"Escrito por":"Encontra Assis","Est. tempo de leitura":"4 minutos"},"schema":{"@context":"https:\/\/schema.org","@graph":[{"@type":"WebPage","@id":"https:\/\/www.encontraassis.com.br\/guia\/fim-de-semana-em-assis-tera-calor-alta-umidade-e-risco-de-pancadas-de-chuva\/","url":"https:\/\/www.encontraassis.com.br\/guia\/fim-de-semana-em-assis-tera-calor-alta-umidade-e-risco-de-pancadas-de-chuva\/","name":"Fim de semana em Assis ter\u00e1 calor, alta umidade e risco de pancadas de chuva | Guia Comercial de Assis SP","isPartOf":{"@id":"https:\/\/www.encontraassis.com.br\/guia\/#website"},"primaryImageOfPage":{"@id":"https:\/\/www.encontraassis.com.br\/guia\/fim-de-semana-em-assis-tera-calor-alta-umidade-e-risco-de-pancadas-de-chuva\/#primaryimage"},"image":{"@id":"https:\/\/www.encontraassis.com.br\/guia\/fim-de-semana-em-assis-tera-calor-alta-umidade-e-risco-de-pancadas-de-chuva\/#primaryimage"},"thumbnailUrl":"https:\/\/www.encontraassis.com.br\/guia\/wp-content\/uploads\/2026\/01\/fim-de-semana-em-assis-tera-calor-alta-umidade-e-risco-de-pancadas-de-chuva.webp","datePublished":"2026-01-30T15:32:57+00:00","author":{"@id":"https:\/\/www.encontraassis.com.br\/guia\/#\/schema\/person\/05eae637c8b283c24716ab905641bc4c"},"inLanguage":"pt-BR","potentialAction":[{"@type":"ReadAction","target":["https:\/\/www.encontraassis.com.br\/guia\/fim-de-semana-em-assis-tera-calor-alta-umidade-e-risco-de-pancadas-de-chuva\/"]}]},{"@type":"ImageObject","inLanguage":"pt-BR","@id":"https:\/\/www.encontraassis.com.br\/guia\/fim-de-semana-em-assis-tera-calor-alta-umidade-e-risco-de-pancadas-de-chuva\/#primaryimage","url":"https:\/\/www.encontraassis.com.br\/guia\/wp-content\/uploads\/2026\/01\/fim-de-semana-em-assis-tera-calor-alta-umidade-e-risco-de-pancadas-de-chuva.webp","contentUrl":"https:\/\/www.encontraassis.com.br\/guia\/wp-content\/uploads\/2026\/01\/fim-de-semana-em-assis-tera-calor-alta-umidade-e-risco-de-pancadas-de-chuva.webp","width":280,"height":280,"caption":"fim de semana em Assis"},{"@type":"WebSite","@id":"https:\/\/www.encontraassis.com.br\/guia\/#website","url":"https:\/\/www.encontraassis.com.br\/guia\/","name":"Guia Comercial de Assis SP","description":"ENCONTRA ASSIS - O guia comercial de neg\u00f3cios e empresas, cultura e divers\u00e3o na cidade de Assis. Feito 100% para voc\u00ea morador!","potentialAction":[{"@type":"SearchAction","target":{"@type":"EntryPoint","urlTemplate":"https:\/\/www.encontraassis.com.br\/guia\/?s={search_term_string}"},"query-input":{"@type":"PropertyValueSpecification","valueRequired":true,"valueName":"search_term_string"}}],"inLanguage":"pt-BR"},{"@type":"Person","@id":"https:\/\/www.encontraassis.com.br\/guia\/#\/schema\/person\/05eae637c8b283c24716ab905641bc4c","name":"Encontra Assis","image":{"@type":"ImageObject","inLanguage":"pt-BR","@id":"https:\/\/www.encontraassis.com.br\/guia\/#\/schema\/person\/image\/","url":"https:\/\/secure.gravatar.com\/avatar\/c50c17820bcf322f0a8fd6b110b8c0918141409dc69076470f6fca5fee70a5d4?s=96&d=mm&r=g","contentUrl":"https:\/\/secure.gravatar.com\/avatar\/c50c17820bcf322f0a8fd6b110b8c0918141409dc69076470f6fca5fee70a5d4?s=96&d=mm&r=g","caption":"Encontra Assis"},"url":"https:\/\/www.encontraassis.com.br\/guia\/author\/encontraassis\/"}]}},"_links":{"self":[{"href":"https:\/\/www.encontraassis.com.br\/guia\/wp-json\/wp\/v2\/posts\/4933","targetHints":{"allow":["GET"]}}],"collection":[{"href":"https:\/\/www.encontraassis.com.br\/guia\/wp-json\/wp\/v2\/posts"}],"about":[{"href":"https:\/\/www.encontraassis.com.br\/guia\/wp-json\/wp\/v2\/types\/post"}],"author":[{"embeddable":true,"href":"https:\/\/www.encontraassis.com.br\/guia\/wp-json\/wp\/v2\/users\/1"}],"replies":[{"embeddable":true,"href":"https:\/\/www.encontraassis.com.br\/guia\/wp-json\/wp\/v2\/comments?post=4933"}],"version-history":[{"count":0,"href":"https:\/\/www.encontraassis.com.br\/guia\/wp-json\/wp\/v2\/posts\/4933\/revisions"}],"wp:featuredmedia":[{"embeddable":true,"href":"https:\/\/www.encontraassis.com.br\/guia\/wp-json\/wp\/v2\/media\/4932"}],"wp:attachment":[{"href":"https:\/\/www.encontraassis.com.br\/guia\/wp-json\/wp\/v2\/media?parent=4933"}],"wp:term":[{"taxonomy":"category","embeddable":true,"href":"https:\/\/www.encontraassis.com.br\/guia\/wp-json\/wp\/v2\/categories?post=4933"},{"taxonomy":"post_tag","embeddable":true,"href":"https:\/\/www.encontraassis.com.br\/guia\/wp-json\/wp\/v2\/tags?post=4933"}],"curies":[{"name":"wp","href":"https:\/\/api.w.org\/{rel}","templated":true}]}}