{"id":4943,"date":"2026-01-31T12:35:23","date_gmt":"2026-01-31T15:35:23","guid":{"rendered":"https:\/\/www.encontraassis.com.br\/guia\/assis-deve-ter-um-dia-com-trovoes-e-raios-nesta-sexta\/"},"modified":"2026-01-31T12:35:23","modified_gmt":"2026-01-31T15:35:23","slug":"assis-deve-ter-um-dia-com-trovoes-e-raios-nesta-sexta","status":"publish","type":"post","link":"https:\/\/www.encontraassis.com.br\/guia\/assis-deve-ter-um-dia-com-trovoes-e-raios-nesta-sexta\/","title":{"rendered":"Assis deve ter um dia com trov\u00f5es e raios nesta sexta"},"content":{"rendered":"<h2>Condi\u00e7\u00f5es Meteorol\u00f3gicas em Assis<\/h2>\n<p>Assis (SP) est\u00e1 prestes a experimentar um dia marcado por condi\u00e7\u00f5es clim\u00e1ticas severas, com a expectativa de trovoadas e raios nesta sexta-feira (30). De acordo com as previs\u00f5es do Instituto Nacional de Meteorologia (INMET), as temperaturas dever\u00e3o variar de 22\u00b0C a 29\u00b0C, o que potencializa a possibilidade de fen\u00f4menos atmosf\u00e9ricos intensos.<\/p>\n<h2>Expectativas de Temperatura<\/h2>\n<p>O dia em Assis ter\u00e1 um in\u00edcio tranquilo, com temperaturas pr\u00f3ximas a 22\u00b0C durante a madrugada. \u00c0 medida que o dia avan\u00e7a, espera-se um leve aumento na temperatura, atingindo a m\u00e1xima de 29\u00b0C no per\u00edodo da tarde. A noite trar\u00e1 estabilidade t\u00e9rmica, mantendo a temperatura em torno de 22\u00b0C, oferecendo um al\u00edvio com a queda do calor.<\/p>\n<h2>Como a Umidade Afeta o Clima<\/h2>\n<p>A umidade relativa do ar tamb\u00e9m ter\u00e1 papel importante nas condi\u00e7\u00f5es clim\u00e1ticas de Assis. A previs\u00e3o indica que a umidade pode atingir 100% pela manh\u00e3, o que criar\u00e1 um ambiente propenso a chuvas. \u00c0 tarde, a umidade deve cair para cerca de 60%, refletindo em um ar mais seco e carregado para o fim do dia.<\/p>\n<p><img decoding=\"async\" src=\"https:\/\/www.encontraassis.com.br\/guia\/wp-content\/uploads\/2026\/01\/assis-deve-ter-um-dia-com-trovoes-e-raios-nesta-sexta.webp\" alt=\"trov\u00f5es e raios\" loading=\"lazy\" \/><\/p>\n<h2>O Papel do Vento nas Tempestades<\/h2>\n<p>Os ventos em Assis estar\u00e3o predominantemente fracos, soprando inicialmente do noroeste e mudando gradualmente para o norte ao longo do dia. Essa circula\u00e7\u00e3o do vento contribuir\u00e1 para o ac\u00famulo de umidade no ar, favorecendo o desenvolvimento de nuvens de tempestade. O nascer do sol est\u00e1 previsto para \u00e0s 06h01 e o p\u00f4r do sol ocorrer\u00e1 \u00e0s 19h10.<\/p>\n<h2>Dicas para se Preparar para a Tempestade<\/h2>\n<p>Com a imin\u00eancia de tempestades, \u00e9 crucial tomar precau\u00e7\u00f5es:<\/p>\n<ul>\n<li><strong>Fique informado:<\/strong> Acompanhe os alertas meteorol\u00f3gicos e previs\u00f5es em tempo real.<\/li>\n<li><strong>Proteja sua casa:<\/strong> Verifique janelas e telhados, assegurando que estejam em boas condi\u00e7\u00f5es.<\/li>\n<li><strong>Evite sa\u00eddas desnecess\u00e1rias:<\/strong> Especialmente durante os picos de chuvas e ventos fortes.<\/li>\n<li><strong>Tenha uma fonte de luz de emerg\u00eancia:<\/strong> Lanternas e velas podem ser \u00fateis em caso de queda de energia.<\/li>\n<\/ul>\n<h2>Consequ\u00eancias dos Trov\u00f5es e Raios<\/h2>\n<p>Os trov\u00f5es e raios podem causar s\u00e9rios danos, como quedas de \u00e1rvores, interrup\u00e7\u00f5es de energia e inc\u00eandios. O estrondo do trov\u00e3o \u00e9 o som resultante da r\u00e1pida expans\u00e3o do ar aquecido pelo raio, e a luz do raio pode causar visibilidade moment\u00e2nea durante a tempestade. \u00c9 fundamental respeitar essas for\u00e7as da natureza e buscar abrigo seguro.<\/p>\n<h2>O Que Fazer em Caso de Tempestade<\/h2>\n<p>Se voc\u00ea se encontrar em meio a uma tempestade severa, siga estas orienta\u00e7\u00f5es:<\/p>\n<ul>\n<li><strong>Procure abrigo:<\/strong> Se estiver ao ar livre, entre em um edif\u00edcio seguro.<\/li>\n<li><strong>Evite usar aparelhos eletr\u00f4nicos:<\/strong> Eles podem ser danificados ou representar risco de choque.<\/li>\n<li><strong>Permane\u00e7a longe de janelas:<\/strong> Vidros podem estilha\u00e7ar devido a ventos fortes.<\/li>\n<li><strong>Tenha um plano de evacua\u00e7\u00e3o:<\/strong> Esteja preparado para se mover se necess\u00e1rio.<\/li>\n<\/ul>\n<h2>Previs\u00e3o para os Pr\u00f3ximos Dias<\/h2>\n<p>A previs\u00e3o para os dias subsequentes \u00e9 variada:<\/p>\n<ul>\n<li><strong>S\u00e1bado (31\/01\/2026):<\/strong> Espera-se chuva localizada pela manh\u00e3, clima agrad\u00e1vel \u00e0 tarde e c\u00e9u fechado \u00e0 noite, com temperaturas entre 22\u00b0C e 27\u00b0C.<\/li>\n<li><strong>Domingo (01\/02\/2026):<\/strong> Temperaturas de 21\u00b0C a 30\u00b0C, expectativa de novos trov\u00f5es e raios.<\/li>\n<li><strong>Segunda-feira (02\/02\/2026):<\/strong> Intervalo de 21\u00b0C a 31\u00b0C com c\u00e9u nublado.<\/li>\n<li><strong>Ter\u00e7a-feira (03\/02\/2026):<\/strong> Temperaturas entre 21\u00b0C e 25\u00b0C, c\u00e9u completamente encoberto.<\/li>\n<\/ul>\n<h2>Import\u00e2ncia das Previs\u00f5es Meteorol\u00f3gicas<\/h2>\n<p>As previs\u00f5es meteorol\u00f3gicas desempenham um papel vital na vida cotidiana, ajudando as pessoas a se prepararem para diferentes condi\u00e7\u00f5es clim\u00e1ticas. Informa\u00e7\u00f5es precisas sobre mudan\u00e7as clim\u00e1ticas permitem que a popula\u00e7\u00e3o tome decis\u00f5es informadas, desde a pr\u00e1tica de atividades ao ar livre at\u00e9 o abastecimento de suprimentos em casa.<\/p>\n<h2>Efeitos das Mudan\u00e7as Clim\u00e1ticas no Tempo<\/h2>\n<p>A discuss\u00e3o sobre mudan\u00e7as clim\u00e1ticas \u00e9 cada vez mais relevante, pois estas afetam os padr\u00f5es meteorol\u00f3gicos em todo o mundo. Os fen\u00f4menos clim\u00e1ticos extremos t\u00eam se tornado mais frequentes e intensos, e eventos like ciclones e tempestades severas est\u00e3o afetando de maneira significativa diversas regi\u00f5es, incluindo Assis. \u00c9 essencial que a sociedade esteja ciente dessas mudan\u00e7as e esteja preparada para se adaptar a este novo panorama.<\/p>\n","protected":false},"excerpt":{"rendered":"<p>Assis ter\u00e1 um dia cheio de trov\u00f5es e raios nesta sexta-feira.<\/p>\n","protected":false},"author":1,"featured_media":4942,"comment_status":"open","ping_status":"open","sticky":false,"template":"","format":"standard","meta":{"footnotes":""},"categories":[5],"tags":[],"class_list":["post-4943","post","type-post","status-publish","format-standard","has-post-thumbnail","hentry","category-noticias","has_thumb"],"yoast_head":"<!-- This site is optimized with the Yoast SEO plugin v26.4 - https:\/\/yoast.com\/wordpress\/plugins\/seo\/ -->\n<title>Assis deve ter um dia com trov\u00f5es e raios nesta sexta | Guia Comercial de Assis SP<\/title>\n<meta name=\"robots\" content=\"index, follow, max-snippet:-1, max-image-preview:large, max-video-preview:-1\" \/>\n<link rel=\"canonical\" href=\"https:\/\/www.encontraassis.com.br\/guia\/assis-deve-ter-um-dia-com-trovoes-e-raios-nesta-sexta\/\" \/>\n<meta property=\"og:locale\" content=\"pt_BR\" \/>\n<meta property=\"og:type\" content=\"article\" \/>\n<meta property=\"og:title\" content=\"Assis deve ter um dia com trov\u00f5es e raios nesta sexta | Guia Comercial de Assis SP\" \/>\n<meta property=\"og:description\" content=\"Assis ter\u00e1 um dia cheio de trov\u00f5es e raios nesta sexta-feira.\" \/>\n<meta property=\"og:url\" content=\"https:\/\/www.encontraassis.com.br\/guia\/assis-deve-ter-um-dia-com-trovoes-e-raios-nesta-sexta\/\" \/>\n<meta property=\"og:site_name\" content=\"Guia Comercial de Assis SP\" \/>\n<meta property=\"article:published_time\" content=\"2026-01-31T15:35:23+00:00\" \/>\n<meta property=\"og:image\" content=\"https:\/\/www.encontraassis.com.br\/guia\/wp-content\/uploads\/2026\/01\/assis-deve-ter-um-dia-com-trovoes-e-raios-nesta-sexta.webp\" \/>\n<meta name=\"author\" content=\"Encontra Assis\" \/>\n<meta name=\"twitter:card\" content=\"summary_large_image\" \/>\n<meta name=\"twitter:label1\" content=\"Escrito por\" \/>\n\t<meta name=\"twitter:data1\" content=\"Encontra Assis\" \/>\n\t<meta name=\"twitter:label2\" content=\"Est. tempo de leitura\" \/>\n\t<meta name=\"twitter:data2\" content=\"3 minutos\" \/>\n<script type=\"application\/ld+json\" class=\"yoast-schema-graph\">{\"@context\":\"https:\/\/schema.org\",\"@graph\":[{\"@type\":\"WebPage\",\"@id\":\"https:\/\/www.encontraassis.com.br\/guia\/assis-deve-ter-um-dia-com-trovoes-e-raios-nesta-sexta\/\",\"url\":\"https:\/\/www.encontraassis.com.br\/guia\/assis-deve-ter-um-dia-com-trovoes-e-raios-nesta-sexta\/\",\"name\":\"Assis deve ter um dia com trov\u00f5es e raios nesta sexta | Guia Comercial de Assis SP\",\"isPartOf\":{\"@id\":\"https:\/\/www.encontraassis.com.br\/guia\/#website\"},\"primaryImageOfPage\":{\"@id\":\"https:\/\/www.encontraassis.com.br\/guia\/assis-deve-ter-um-dia-com-trovoes-e-raios-nesta-sexta\/#primaryimage\"},\"image\":{\"@id\":\"https:\/\/www.encontraassis.com.br\/guia\/assis-deve-ter-um-dia-com-trovoes-e-raios-nesta-sexta\/#primaryimage\"},\"thumbnailUrl\":\"https:\/\/www.encontraassis.com.br\/guia\/wp-content\/uploads\/2026\/01\/assis-deve-ter-um-dia-com-trovoes-e-raios-nesta-sexta.webp\",\"datePublished\":\"2026-01-31T15:35:23+00:00\",\"author\":{\"@id\":\"https:\/\/www.encontraassis.com.br\/guia\/#\/schema\/person\/05eae637c8b283c24716ab905641bc4c\"},\"inLanguage\":\"pt-BR\",\"potentialAction\":[{\"@type\":\"ReadAction\",\"target\":[\"https:\/\/www.encontraassis.com.br\/guia\/assis-deve-ter-um-dia-com-trovoes-e-raios-nesta-sexta\/\"]}]},{\"@type\":\"ImageObject\",\"inLanguage\":\"pt-BR\",\"@id\":\"https:\/\/www.encontraassis.com.br\/guia\/assis-deve-ter-um-dia-com-trovoes-e-raios-nesta-sexta\/#primaryimage\",\"url\":\"https:\/\/www.encontraassis.com.br\/guia\/wp-content\/uploads\/2026\/01\/assis-deve-ter-um-dia-com-trovoes-e-raios-nesta-sexta.webp\",\"contentUrl\":\"https:\/\/www.encontraassis.com.br\/guia\/wp-content\/uploads\/2026\/01\/assis-deve-ter-um-dia-com-trovoes-e-raios-nesta-sexta.webp\",\"width\":280,\"height\":280,\"caption\":\"trov\u00f5es e raios\"},{\"@type\":\"WebSite\",\"@id\":\"https:\/\/www.encontraassis.com.br\/guia\/#website\",\"url\":\"https:\/\/www.encontraassis.com.br\/guia\/\",\"name\":\"Guia Comercial de Assis SP\",\"description\":\"ENCONTRA ASSIS - O guia comercial de neg\u00f3cios e empresas, cultura e divers\u00e3o na cidade de Assis. Feito 100% para voc\u00ea morador!\",\"potentialAction\":[{\"@type\":\"SearchAction\",\"target\":{\"@type\":\"EntryPoint\",\"urlTemplate\":\"https:\/\/www.encontraassis.com.br\/guia\/?s={search_term_string}\"},\"query-input\":{\"@type\":\"PropertyValueSpecification\",\"valueRequired\":true,\"valueName\":\"search_term_string\"}}],\"inLanguage\":\"pt-BR\"},{\"@type\":\"Person\",\"@id\":\"https:\/\/www.encontraassis.com.br\/guia\/#\/schema\/person\/05eae637c8b283c24716ab905641bc4c\",\"name\":\"Encontra Assis\",\"image\":{\"@type\":\"ImageObject\",\"inLanguage\":\"pt-BR\",\"@id\":\"https:\/\/www.encontraassis.com.br\/guia\/#\/schema\/person\/image\/\",\"url\":\"https:\/\/secure.gravatar.com\/avatar\/c50c17820bcf322f0a8fd6b110b8c0918141409dc69076470f6fca5fee70a5d4?s=96&d=mm&r=g\",\"contentUrl\":\"https:\/\/secure.gravatar.com\/avatar\/c50c17820bcf322f0a8fd6b110b8c0918141409dc69076470f6fca5fee70a5d4?s=96&d=mm&r=g\",\"caption\":\"Encontra Assis\"},\"url\":\"https:\/\/www.encontraassis.com.br\/guia\/author\/encontraassis\/\"}]}<\/script>\n<!-- \/ Yoast SEO plugin. -->","yoast_head_json":{"title":"Assis deve ter um dia com trov\u00f5es e raios nesta sexta | Guia Comercial de Assis SP","robots":{"index":"index","follow":"follow","max-snippet":"max-snippet:-1","max-image-preview":"max-image-preview:large","max-video-preview":"max-video-preview:-1"},"canonical":"https:\/\/www.encontraassis.com.br\/guia\/assis-deve-ter-um-dia-com-trovoes-e-raios-nesta-sexta\/","og_locale":"pt_BR","og_type":"article","og_title":"Assis deve ter um dia com trov\u00f5es e raios nesta sexta | Guia Comercial de Assis SP","og_description":"Assis ter\u00e1 um dia cheio de trov\u00f5es e raios nesta sexta-feira.","og_url":"https:\/\/www.encontraassis.com.br\/guia\/assis-deve-ter-um-dia-com-trovoes-e-raios-nesta-sexta\/","og_site_name":"Guia Comercial de Assis SP","article_published_time":"2026-01-31T15:35:23+00:00","og_image":[{"url":"https:\/\/www.encontraassis.com.br\/guia\/wp-content\/uploads\/2026\/01\/assis-deve-ter-um-dia-com-trovoes-e-raios-nesta-sexta.webp","type":"","width":"","height":""}],"author":"Encontra Assis","twitter_card":"summary_large_image","twitter_misc":{"Escrito por":"Encontra Assis","Est. tempo de leitura":"3 minutos"},"schema":{"@context":"https:\/\/schema.org","@graph":[{"@type":"WebPage","@id":"https:\/\/www.encontraassis.com.br\/guia\/assis-deve-ter-um-dia-com-trovoes-e-raios-nesta-sexta\/","url":"https:\/\/www.encontraassis.com.br\/guia\/assis-deve-ter-um-dia-com-trovoes-e-raios-nesta-sexta\/","name":"Assis deve ter um dia com trov\u00f5es e raios nesta sexta | Guia Comercial de Assis SP","isPartOf":{"@id":"https:\/\/www.encontraassis.com.br\/guia\/#website"},"primaryImageOfPage":{"@id":"https:\/\/www.encontraassis.com.br\/guia\/assis-deve-ter-um-dia-com-trovoes-e-raios-nesta-sexta\/#primaryimage"},"image":{"@id":"https:\/\/www.encontraassis.com.br\/guia\/assis-deve-ter-um-dia-com-trovoes-e-raios-nesta-sexta\/#primaryimage"},"thumbnailUrl":"https:\/\/www.encontraassis.com.br\/guia\/wp-content\/uploads\/2026\/01\/assis-deve-ter-um-dia-com-trovoes-e-raios-nesta-sexta.webp","datePublished":"2026-01-31T15:35:23+00:00","author":{"@id":"https:\/\/www.encontraassis.com.br\/guia\/#\/schema\/person\/05eae637c8b283c24716ab905641bc4c"},"inLanguage":"pt-BR","potentialAction":[{"@type":"ReadAction","target":["https:\/\/www.encontraassis.com.br\/guia\/assis-deve-ter-um-dia-com-trovoes-e-raios-nesta-sexta\/"]}]},{"@type":"ImageObject","inLanguage":"pt-BR","@id":"https:\/\/www.encontraassis.com.br\/guia\/assis-deve-ter-um-dia-com-trovoes-e-raios-nesta-sexta\/#primaryimage","url":"https:\/\/www.encontraassis.com.br\/guia\/wp-content\/uploads\/2026\/01\/assis-deve-ter-um-dia-com-trovoes-e-raios-nesta-sexta.webp","contentUrl":"https:\/\/www.encontraassis.com.br\/guia\/wp-content\/uploads\/2026\/01\/assis-deve-ter-um-dia-com-trovoes-e-raios-nesta-sexta.webp","width":280,"height":280,"caption":"trov\u00f5es e raios"},{"@type":"WebSite","@id":"https:\/\/www.encontraassis.com.br\/guia\/#website","url":"https:\/\/www.encontraassis.com.br\/guia\/","name":"Guia Comercial de Assis SP","description":"ENCONTRA ASSIS - O guia comercial de neg\u00f3cios e empresas, cultura e divers\u00e3o na cidade de Assis. Feito 100% para voc\u00ea morador!","potentialAction":[{"@type":"SearchAction","target":{"@type":"EntryPoint","urlTemplate":"https:\/\/www.encontraassis.com.br\/guia\/?s={search_term_string}"},"query-input":{"@type":"PropertyValueSpecification","valueRequired":true,"valueName":"search_term_string"}}],"inLanguage":"pt-BR"},{"@type":"Person","@id":"https:\/\/www.encontraassis.com.br\/guia\/#\/schema\/person\/05eae637c8b283c24716ab905641bc4c","name":"Encontra Assis","image":{"@type":"ImageObject","inLanguage":"pt-BR","@id":"https:\/\/www.encontraassis.com.br\/guia\/#\/schema\/person\/image\/","url":"https:\/\/secure.gravatar.com\/avatar\/c50c17820bcf322f0a8fd6b110b8c0918141409dc69076470f6fca5fee70a5d4?s=96&d=mm&r=g","contentUrl":"https:\/\/secure.gravatar.com\/avatar\/c50c17820bcf322f0a8fd6b110b8c0918141409dc69076470f6fca5fee70a5d4?s=96&d=mm&r=g","caption":"Encontra Assis"},"url":"https:\/\/www.encontraassis.com.br\/guia\/author\/encontraassis\/"}]}},"_links":{"self":[{"href":"https:\/\/www.encontraassis.com.br\/guia\/wp-json\/wp\/v2\/posts\/4943","targetHints":{"allow":["GET"]}}],"collection":[{"href":"https:\/\/www.encontraassis.com.br\/guia\/wp-json\/wp\/v2\/posts"}],"about":[{"href":"https:\/\/www.encontraassis.com.br\/guia\/wp-json\/wp\/v2\/types\/post"}],"author":[{"embeddable":true,"href":"https:\/\/www.encontraassis.com.br\/guia\/wp-json\/wp\/v2\/users\/1"}],"replies":[{"embeddable":true,"href":"https:\/\/www.encontraassis.com.br\/guia\/wp-json\/wp\/v2\/comments?post=4943"}],"version-history":[{"count":0,"href":"https:\/\/www.encontraassis.com.br\/guia\/wp-json\/wp\/v2\/posts\/4943\/revisions"}],"wp:featuredmedia":[{"embeddable":true,"href":"https:\/\/www.encontraassis.com.br\/guia\/wp-json\/wp\/v2\/media\/4942"}],"wp:attachment":[{"href":"https:\/\/www.encontraassis.com.br\/guia\/wp-json\/wp\/v2\/media?parent=4943"}],"wp:term":[{"taxonomy":"category","embeddable":true,"href":"https:\/\/www.encontraassis.com.br\/guia\/wp-json\/wp\/v2\/categories?post=4943"},{"taxonomy":"post_tag","embeddable":true,"href":"https:\/\/www.encontraassis.com.br\/guia\/wp-json\/wp\/v2\/tags?post=4943"}],"curies":[{"name":"wp","href":"https:\/\/api.w.org\/{rel}","templated":true}]}}