{"id":5087,"date":"2026-02-28T12:26:41","date_gmt":"2026-02-28T15:26:41","guid":{"rendered":"https:\/\/www.encontraassis.com.br\/guia\/assis-deve-ter-um-dia-com-muitas-nuvens-neste-sabado-28\/"},"modified":"2026-02-28T12:26:41","modified_gmt":"2026-02-28T15:26:41","slug":"assis-deve-ter-um-dia-com-muitas-nuvens-neste-sabado-28","status":"publish","type":"post","link":"https:\/\/www.encontraassis.com.br\/guia\/assis-deve-ter-um-dia-com-muitas-nuvens-neste-sabado-28\/","title":{"rendered":"Assis deve ter um dia com muitas nuvens neste s\u00e1bado (28)"},"content":{"rendered":"<h2>Condi\u00e7\u00f5es Meteorol\u00f3gicas em Assis<\/h2>\n<p>No pr\u00f3ximo s\u00e1bado (28), Assis, uma cidade localizada no interior de S\u00e3o Paulo, deve apresentar um clima predominantemente nublado, de acordo com as previs\u00f5es meteorol\u00f3gicas do Instituto Nacional de Meteorologia (INMET). Este dia estar\u00e1 marcado por uma beleza particular, com uma vasta cobertura de nuvens que traz um aspecto peculiar ao c\u00e9u da regi\u00e3o, proporcionando um cen\u00e1rio impressionante para os moradores e turistas.<\/p>\n<h2>Temperaturas ao Longo do Dia<\/h2>\n<p>Dentre as expectativas clim\u00e1ticas para Assis, as temperaturas se manifestar\u00e3o entre 17\u00b0C e 30\u00b0C. A manh\u00e3 come\u00e7ar\u00e1 amena, possuindo temperaturas de aproximadamente 17\u00b0C, favorecendo um despertar agrad\u00e1vel para os cidad\u00e3os. Ao longo da manh\u00e3, os valores come\u00e7ar\u00e3o a subir, atingindo o pico de 30\u00b0C \u00e0 tarde, onde o calor ser\u00e1 mais intenso. Quando a noite chegar, a temperatura deve estabilizar-se novamente em valores pr\u00f3ximos aos 17\u00b0C.<\/p>\n<h2>Umidade do Ar em Assis<\/h2>\n<p>A umidade relativa do ar ao longo do dia em Assis tamb\u00e9m apresenta varia\u00e7\u00f5es significativas. Estima-se que pela manh\u00e3, a umidade poder\u00e1 alcan\u00e7ar at\u00e9 100%, indicando condi\u00e7\u00f5es de satura\u00e7\u00e3o do ar. \u00c0 medida que o dia avan\u00e7a, especialmente no per\u00edodo da tarde, este \u00edndice tende a cair, podendo atingir valores em torno de 40% durante os momentos mais secos. Esta oscila\u00e7\u00e3o na umidade pode influenciar a sensa\u00e7\u00e3o t\u00e9rmica ao longo do dia, tornando o clima \u00e0 tarde mais quente e abafado.<\/p>\n<p><img decoding=\"async\" src=\"https:\/\/www.encontraassis.com.br\/guia\/wp-content\/uploads\/2026\/02\/assis-deve-ter-um-dia-com-muitas-nuvens-neste-sabado-28.webp\" alt=\"previs\u00e3o do tempo em Assis\" loading=\"lazy\" \/><\/p>\n<h2>Dire\u00e7\u00e3o e Intensidade do Vento<\/h2>\n<p>Os ventos que soprar\u00e3o em Assis, durante este dia, s\u00e3o esperados para serem predominantemente fracos. A dire\u00e7\u00e3o principal do vento ser\u00e1 do sudeste para o leste, o que \u00e9 comum na regi\u00e3o nesta \u00e9poca do ano. O nascer do sol est\u00e1 previsto para ocorrer \u00e0s 06h18, enquanto o p\u00f4r do sol dever\u00e1 ser registrado \u00e0s 18h53, oferecendo aos habitantes e visitantes a oportunidade de desfrutar de uma bela transi\u00e7\u00e3o do dia para a noite.<\/p>\n<h2>Previs\u00e3o para o Pr\u00f3ximo Dia<\/h2>\n<p>Em rela\u00e7\u00e3o \u00e0 previs\u00e3o clim\u00e1tica para o dia seguinte, as expectativas incluem a presen\u00e7a de muitas nuvens pela manh\u00e3, passando para um c\u00e9u completamente nublado \u00e0 tarde, e mantendo essa cobertura at\u00e9 \u00e0 noite. As temperaturas continuar\u00e3o variando entre 17\u00b0C e 30\u00b0C. Essa sequ\u00eancia de dias nublados poder\u00e1 ser um indicativo de uma mudan\u00e7a no clima, trazendo poss\u00edveis chuvas para a regi\u00e3o em um futuro pr\u00f3ximo.<\/p>\n<h2>Expectativas para o Clima na Semana<\/h2>\n<p>Ao longo da semana seguinte, as previs\u00f5es indicam algumas oscila\u00e7\u00f5es nas temperaturas. Na segunda-feira (02\/03\/2026), a expectativa \u00e9 que as temperaturas variem de 17\u00b0C a 31\u00b0C, com a presen\u00e7a de sol entre algumas poucas nuvens. J\u00e1 na ter\u00e7a-feira (03\/03\/2026), \u00e9 previsto um aumento na temperatura, com m\u00e1xima de 32\u00b0C e c\u00e9u nublado. Por fim, na quarta-feira (04\/03\/2026), as previs\u00f5es indicam um tempo aberto, com temperaturas entre 18\u00b0C e 33\u00b0C, sugerindo um momento mais quente e ensolarado.<\/p>\n<h2>Como Aproveitar um Dia Nublado<\/h2>\n<p>Um dia nublado em Assis pode ser uma excelente oportunidade para explorar atividades que normalmente n\u00e3o s\u00e3o realizadas em dias ensolarados. Shows e apresenta\u00e7\u00f5es art\u00edsticas podem ser uma forma interessante de aproveitar este clima, j\u00e1 que o calor intenso n\u00e3o dever\u00e1 ser um problema. Para aqueles que preferem estar em atividades ao ar livre, um passeio pelo Parque e \u00e1reas verdes da cidade pode gerar momentos de lazer descontra\u00eddos na companhia da fam\u00edlia e amigos.<\/p>\n<h2>Sugest\u00f5es de Atividades em Clima Nublado<\/h2>\n<p>Para os moradores e visitantes de Assis, existem diversas atividades que podem ser feitas em dias nublados. Algumas sugest\u00f5es incluem:<\/p>\n<ul>\n<li><strong>Passeio pelo Centro Hist\u00f3rico:<\/strong> Explore as belezas do centro da cidade, aproveitando para conhecer a cultura e as tradi\u00e7\u00f5es da regi\u00e3o.<\/li>\n<li><strong>Visitas a Museus:<\/strong> Descubra a hist\u00f3ria local visitando os diversos museus dispon\u00edveis na cidade.<\/li>\n<li><strong>Caf\u00e9s Aconchegantes:<\/strong> Aproveite para relaxar em um caf\u00e9, degustando um bom chocolate quente ou um cappuccino.<\/li>\n<li><strong>Shopping:<\/strong> Participar de um dia de compras em um dos centros comerciais pode ser uma boa op\u00e7\u00e3o para aproveitar o clima.<\/li>\n<li><strong>Atividades Culturais:<\/strong> Fique atento \u00e0 programa\u00e7\u00e3o de teatro e cinema que pode ocorrer em Assis durante o dia nublado.<\/li>\n<\/ul>\n<h2>Impacto da Umidade nas Atividades Externas<\/h2>\n<p>A umidade alta prevista para o s\u00e1bado (28) poder\u00e1 ter um impacto significativo nas atividades externas, especialmente em rela\u00e7\u00e3o \u00e0 sensa\u00e7\u00e3o t\u00e9rmica. Quando a umidade est\u00e1 elevada, a transpira\u00e7\u00e3o do corpo humano pode se tornar menos eficiente, resultando em uma sensa\u00e7\u00e3o de abafamento e calor. Nesse sentido, \u00e9 aconselh\u00e1vel que as pessoas se mantenham hidratadas e evitem realizar atividades f\u00edsicas extenuantes durante os per\u00edodos em que a umidade estiver mais elevada.<\/p>\n<h2>Resumo da Previs\u00e3o do Tempo<\/h2>\n<p>A previs\u00e3o para Assis no s\u00e1bado (28) apresenta uma expectativa de tempo nublado, com temperaturas variando entre 17\u00b0C e 30\u00b0C. A umidade do ar deve ser alta, com possibilidades de atingir 100% pela manh\u00e3 e caindo para 40% \u00e0 tarde. Os ventos previstos ser\u00e3o fracos, soprando do sudeste para o leste. As condi\u00e7\u00f5es meteorol\u00f3gicas indicam uma excelente oportunidade para explorar a cidade e participar de atividades que n\u00e3o dependem de um clima ensolarado. O clima pode influenciar de forma significativa as experi\u00eancias ao ar livre, por isso o planejamento se torna essencial para aproveitar ao m\u00e1ximo as belezas e oportunidades que Assis tem a oferecer.<\/p>\n","protected":false},"excerpt":{"rendered":"<p>Assis vai ter um s\u00e1bado nublado com temperaturas entre 17\u00b0C e 30\u00b0C.<\/p>\n","protected":false},"author":1,"featured_media":5086,"comment_status":"open","ping_status":"open","sticky":false,"template":"","format":"standard","meta":{"footnotes":""},"categories":[5],"tags":[],"class_list":["post-5087","post","type-post","status-publish","format-standard","has-post-thumbnail","hentry","category-noticias","has_thumb"],"yoast_head":"<!-- This site is optimized with the Yoast SEO plugin v26.4 - https:\/\/yoast.com\/wordpress\/plugins\/seo\/ -->\n<title>Assis deve ter um dia com muitas nuvens neste s\u00e1bado (28) | Guia Comercial de Assis SP<\/title>\n<meta name=\"robots\" content=\"index, follow, max-snippet:-1, max-image-preview:large, max-video-preview:-1\" \/>\n<link rel=\"canonical\" href=\"https:\/\/www.encontraassis.com.br\/guia\/assis-deve-ter-um-dia-com-muitas-nuvens-neste-sabado-28\/\" \/>\n<meta property=\"og:locale\" content=\"pt_BR\" \/>\n<meta property=\"og:type\" content=\"article\" \/>\n<meta property=\"og:title\" content=\"Assis deve ter um dia com muitas nuvens neste s\u00e1bado (28) | Guia Comercial de Assis SP\" \/>\n<meta property=\"og:description\" content=\"Assis vai ter um s\u00e1bado nublado com temperaturas entre 17\u00b0C e 30\u00b0C.\" \/>\n<meta property=\"og:url\" content=\"https:\/\/www.encontraassis.com.br\/guia\/assis-deve-ter-um-dia-com-muitas-nuvens-neste-sabado-28\/\" \/>\n<meta property=\"og:site_name\" content=\"Guia Comercial de Assis SP\" \/>\n<meta property=\"article:published_time\" content=\"2026-02-28T15:26:41+00:00\" \/>\n<meta property=\"og:image\" content=\"https:\/\/www.encontraassis.com.br\/guia\/wp-content\/uploads\/2026\/02\/assis-deve-ter-um-dia-com-muitas-nuvens-neste-sabado-28.webp\" \/>\n<meta name=\"author\" content=\"Encontra Assis\" \/>\n<meta name=\"twitter:card\" content=\"summary_large_image\" \/>\n<meta name=\"twitter:label1\" content=\"Escrito por\" \/>\n\t<meta name=\"twitter:data1\" content=\"Encontra Assis\" \/>\n\t<meta name=\"twitter:label2\" content=\"Est. tempo de leitura\" \/>\n\t<meta name=\"twitter:data2\" content=\"4 minutos\" \/>\n<script type=\"application\/ld+json\" class=\"yoast-schema-graph\">{\"@context\":\"https:\/\/schema.org\",\"@graph\":[{\"@type\":\"WebPage\",\"@id\":\"https:\/\/www.encontraassis.com.br\/guia\/assis-deve-ter-um-dia-com-muitas-nuvens-neste-sabado-28\/\",\"url\":\"https:\/\/www.encontraassis.com.br\/guia\/assis-deve-ter-um-dia-com-muitas-nuvens-neste-sabado-28\/\",\"name\":\"Assis deve ter um dia com muitas nuvens neste s\u00e1bado (28) | Guia Comercial de Assis SP\",\"isPartOf\":{\"@id\":\"https:\/\/www.encontraassis.com.br\/guia\/#website\"},\"primaryImageOfPage\":{\"@id\":\"https:\/\/www.encontraassis.com.br\/guia\/assis-deve-ter-um-dia-com-muitas-nuvens-neste-sabado-28\/#primaryimage\"},\"image\":{\"@id\":\"https:\/\/www.encontraassis.com.br\/guia\/assis-deve-ter-um-dia-com-muitas-nuvens-neste-sabado-28\/#primaryimage\"},\"thumbnailUrl\":\"https:\/\/www.encontraassis.com.br\/guia\/wp-content\/uploads\/2026\/02\/assis-deve-ter-um-dia-com-muitas-nuvens-neste-sabado-28.webp\",\"datePublished\":\"2026-02-28T15:26:41+00:00\",\"author\":{\"@id\":\"https:\/\/www.encontraassis.com.br\/guia\/#\/schema\/person\/05eae637c8b283c24716ab905641bc4c\"},\"inLanguage\":\"pt-BR\",\"potentialAction\":[{\"@type\":\"ReadAction\",\"target\":[\"https:\/\/www.encontraassis.com.br\/guia\/assis-deve-ter-um-dia-com-muitas-nuvens-neste-sabado-28\/\"]}]},{\"@type\":\"ImageObject\",\"inLanguage\":\"pt-BR\",\"@id\":\"https:\/\/www.encontraassis.com.br\/guia\/assis-deve-ter-um-dia-com-muitas-nuvens-neste-sabado-28\/#primaryimage\",\"url\":\"https:\/\/www.encontraassis.com.br\/guia\/wp-content\/uploads\/2026\/02\/assis-deve-ter-um-dia-com-muitas-nuvens-neste-sabado-28.webp\",\"contentUrl\":\"https:\/\/www.encontraassis.com.br\/guia\/wp-content\/uploads\/2026\/02\/assis-deve-ter-um-dia-com-muitas-nuvens-neste-sabado-28.webp\",\"width\":280,\"height\":280,\"caption\":\"previs\u00e3o do tempo em Assis\"},{\"@type\":\"WebSite\",\"@id\":\"https:\/\/www.encontraassis.com.br\/guia\/#website\",\"url\":\"https:\/\/www.encontraassis.com.br\/guia\/\",\"name\":\"Guia Comercial de Assis SP\",\"description\":\"ENCONTRA ASSIS - O guia comercial de neg\u00f3cios e empresas, cultura e divers\u00e3o na cidade de Assis. Feito 100% para voc\u00ea morador!\",\"potentialAction\":[{\"@type\":\"SearchAction\",\"target\":{\"@type\":\"EntryPoint\",\"urlTemplate\":\"https:\/\/www.encontraassis.com.br\/guia\/?s={search_term_string}\"},\"query-input\":{\"@type\":\"PropertyValueSpecification\",\"valueRequired\":true,\"valueName\":\"search_term_string\"}}],\"inLanguage\":\"pt-BR\"},{\"@type\":\"Person\",\"@id\":\"https:\/\/www.encontraassis.com.br\/guia\/#\/schema\/person\/05eae637c8b283c24716ab905641bc4c\",\"name\":\"Encontra Assis\",\"image\":{\"@type\":\"ImageObject\",\"inLanguage\":\"pt-BR\",\"@id\":\"https:\/\/www.encontraassis.com.br\/guia\/#\/schema\/person\/image\/\",\"url\":\"https:\/\/secure.gravatar.com\/avatar\/c50c17820bcf322f0a8fd6b110b8c0918141409dc69076470f6fca5fee70a5d4?s=96&d=mm&r=g\",\"contentUrl\":\"https:\/\/secure.gravatar.com\/avatar\/c50c17820bcf322f0a8fd6b110b8c0918141409dc69076470f6fca5fee70a5d4?s=96&d=mm&r=g\",\"caption\":\"Encontra Assis\"},\"url\":\"https:\/\/www.encontraassis.com.br\/guia\/author\/encontraassis\/\"}]}<\/script>\n<!-- \/ Yoast SEO plugin. -->","yoast_head_json":{"title":"Assis deve ter um dia com muitas nuvens neste s\u00e1bado (28) | Guia Comercial de Assis SP","robots":{"index":"index","follow":"follow","max-snippet":"max-snippet:-1","max-image-preview":"max-image-preview:large","max-video-preview":"max-video-preview:-1"},"canonical":"https:\/\/www.encontraassis.com.br\/guia\/assis-deve-ter-um-dia-com-muitas-nuvens-neste-sabado-28\/","og_locale":"pt_BR","og_type":"article","og_title":"Assis deve ter um dia com muitas nuvens neste s\u00e1bado (28) | Guia Comercial de Assis SP","og_description":"Assis vai ter um s\u00e1bado nublado com temperaturas entre 17\u00b0C e 30\u00b0C.","og_url":"https:\/\/www.encontraassis.com.br\/guia\/assis-deve-ter-um-dia-com-muitas-nuvens-neste-sabado-28\/","og_site_name":"Guia Comercial de Assis SP","article_published_time":"2026-02-28T15:26:41+00:00","og_image":[{"url":"https:\/\/www.encontraassis.com.br\/guia\/wp-content\/uploads\/2026\/02\/assis-deve-ter-um-dia-com-muitas-nuvens-neste-sabado-28.webp","type":"","width":"","height":""}],"author":"Encontra Assis","twitter_card":"summary_large_image","twitter_misc":{"Escrito por":"Encontra Assis","Est. tempo de leitura":"4 minutos"},"schema":{"@context":"https:\/\/schema.org","@graph":[{"@type":"WebPage","@id":"https:\/\/www.encontraassis.com.br\/guia\/assis-deve-ter-um-dia-com-muitas-nuvens-neste-sabado-28\/","url":"https:\/\/www.encontraassis.com.br\/guia\/assis-deve-ter-um-dia-com-muitas-nuvens-neste-sabado-28\/","name":"Assis deve ter um dia com muitas nuvens neste s\u00e1bado (28) | Guia Comercial de Assis SP","isPartOf":{"@id":"https:\/\/www.encontraassis.com.br\/guia\/#website"},"primaryImageOfPage":{"@id":"https:\/\/www.encontraassis.com.br\/guia\/assis-deve-ter-um-dia-com-muitas-nuvens-neste-sabado-28\/#primaryimage"},"image":{"@id":"https:\/\/www.encontraassis.com.br\/guia\/assis-deve-ter-um-dia-com-muitas-nuvens-neste-sabado-28\/#primaryimage"},"thumbnailUrl":"https:\/\/www.encontraassis.com.br\/guia\/wp-content\/uploads\/2026\/02\/assis-deve-ter-um-dia-com-muitas-nuvens-neste-sabado-28.webp","datePublished":"2026-02-28T15:26:41+00:00","author":{"@id":"https:\/\/www.encontraassis.com.br\/guia\/#\/schema\/person\/05eae637c8b283c24716ab905641bc4c"},"inLanguage":"pt-BR","potentialAction":[{"@type":"ReadAction","target":["https:\/\/www.encontraassis.com.br\/guia\/assis-deve-ter-um-dia-com-muitas-nuvens-neste-sabado-28\/"]}]},{"@type":"ImageObject","inLanguage":"pt-BR","@id":"https:\/\/www.encontraassis.com.br\/guia\/assis-deve-ter-um-dia-com-muitas-nuvens-neste-sabado-28\/#primaryimage","url":"https:\/\/www.encontraassis.com.br\/guia\/wp-content\/uploads\/2026\/02\/assis-deve-ter-um-dia-com-muitas-nuvens-neste-sabado-28.webp","contentUrl":"https:\/\/www.encontraassis.com.br\/guia\/wp-content\/uploads\/2026\/02\/assis-deve-ter-um-dia-com-muitas-nuvens-neste-sabado-28.webp","width":280,"height":280,"caption":"previs\u00e3o do tempo em Assis"},{"@type":"WebSite","@id":"https:\/\/www.encontraassis.com.br\/guia\/#website","url":"https:\/\/www.encontraassis.com.br\/guia\/","name":"Guia Comercial de Assis SP","description":"ENCONTRA ASSIS - O guia comercial de neg\u00f3cios e empresas, cultura e divers\u00e3o na cidade de Assis. Feito 100% para voc\u00ea morador!","potentialAction":[{"@type":"SearchAction","target":{"@type":"EntryPoint","urlTemplate":"https:\/\/www.encontraassis.com.br\/guia\/?s={search_term_string}"},"query-input":{"@type":"PropertyValueSpecification","valueRequired":true,"valueName":"search_term_string"}}],"inLanguage":"pt-BR"},{"@type":"Person","@id":"https:\/\/www.encontraassis.com.br\/guia\/#\/schema\/person\/05eae637c8b283c24716ab905641bc4c","name":"Encontra Assis","image":{"@type":"ImageObject","inLanguage":"pt-BR","@id":"https:\/\/www.encontraassis.com.br\/guia\/#\/schema\/person\/image\/","url":"https:\/\/secure.gravatar.com\/avatar\/c50c17820bcf322f0a8fd6b110b8c0918141409dc69076470f6fca5fee70a5d4?s=96&d=mm&r=g","contentUrl":"https:\/\/secure.gravatar.com\/avatar\/c50c17820bcf322f0a8fd6b110b8c0918141409dc69076470f6fca5fee70a5d4?s=96&d=mm&r=g","caption":"Encontra Assis"},"url":"https:\/\/www.encontraassis.com.br\/guia\/author\/encontraassis\/"}]}},"_links":{"self":[{"href":"https:\/\/www.encontraassis.com.br\/guia\/wp-json\/wp\/v2\/posts\/5087","targetHints":{"allow":["GET"]}}],"collection":[{"href":"https:\/\/www.encontraassis.com.br\/guia\/wp-json\/wp\/v2\/posts"}],"about":[{"href":"https:\/\/www.encontraassis.com.br\/guia\/wp-json\/wp\/v2\/types\/post"}],"author":[{"embeddable":true,"href":"https:\/\/www.encontraassis.com.br\/guia\/wp-json\/wp\/v2\/users\/1"}],"replies":[{"embeddable":true,"href":"https:\/\/www.encontraassis.com.br\/guia\/wp-json\/wp\/v2\/comments?post=5087"}],"version-history":[{"count":0,"href":"https:\/\/www.encontraassis.com.br\/guia\/wp-json\/wp\/v2\/posts\/5087\/revisions"}],"wp:featuredmedia":[{"embeddable":true,"href":"https:\/\/www.encontraassis.com.br\/guia\/wp-json\/wp\/v2\/media\/5086"}],"wp:attachment":[{"href":"https:\/\/www.encontraassis.com.br\/guia\/wp-json\/wp\/v2\/media?parent=5087"}],"wp:term":[{"taxonomy":"category","embeddable":true,"href":"https:\/\/www.encontraassis.com.br\/guia\/wp-json\/wp\/v2\/categories?post=5087"},{"taxonomy":"post_tag","embeddable":true,"href":"https:\/\/www.encontraassis.com.br\/guia\/wp-json\/wp\/v2\/tags?post=5087"}],"curies":[{"name":"wp","href":"https:\/\/api.w.org\/{rel}","templated":true}]}}