{"id":5109,"date":"2026-03-04T12:14:28","date_gmt":"2026-03-04T15:14:28","guid":{"rendered":"https:\/\/www.encontraassis.com.br\/guia\/campanha-da-mae-peregrina-participa-da-abertura-das-atividades-na-diocese-de-assis-sp\/"},"modified":"2026-03-04T12:14:28","modified_gmt":"2026-03-04T15:14:28","slug":"campanha-da-mae-peregrina-participa-da-abertura-das-atividades-na-diocese-de-assis-sp","status":"publish","type":"post","link":"https:\/\/www.encontraassis.com.br\/guia\/campanha-da-mae-peregrina-participa-da-abertura-das-atividades-na-diocese-de-assis-sp\/","title":{"rendered":"Campanha da M\u00e3e Peregrina participa da abertura das atividades na Diocese de Assis\/SP"},"content":{"rendered":"<h2>Um Encontro Memor\u00e1vel na Ermida<\/h2>\n<p>No dia 28 de fevereiro, a Fam\u00edlia de Schoenstatt da Diocese de Assis\/SP iniciou seu ano com um encontro significativo na Ermida dedicada \u00e0 M\u00e3e Tr\u00eas Vezes Admir\u00e1vel. Este evento reuniu aproximadamente 80 pessoas que vieram para refletir sobre o que foi feito no ano anterior e compartilhar suas aspira\u00e7\u00f5es e projetos para o futuro imediato.<\/p>\n<h2>B\u00ean\u00e7\u00e3o do Pe. Marcelo Martins Barreto<\/h2>\n<p>A cerim\u00f4nia de abertura come\u00e7ou com a b\u00ean\u00e7\u00e3o do Pe. Marcelo Martins Barreto, que \u00e9 o p\u00e1roco do Santu\u00e1rio Nossa Senhora das Gra\u00e7as. Durante sua mensagem, o sacerdote expressou votos de que todos tivessem um encontro produtivo e incentivou a confian\u00e7a na M\u00e3e de Deus, quegesuntificou a import\u00e2ncia de crer que Ela cuida de cada detalhe da miss\u00e3o que todos est\u00e3o vivendo.<\/p>\n<h2>A For\u00e7a do Testemunho de Jo\u00e3o Luiz Pozzobon<\/h2>\n<p>Um dos momentos mais emocionantes do encontro foi a leitura de uma carta do Vener\u00e1vel Jo\u00e3o Luiz Pozzobon, feita por Rodney Spricido, que \u00e9 membro do Ter\u00e7o dos Homens. Ele compartilhou com os presentes a profunda dedica\u00e7\u00e3o de Pozzobon, que dedicou sua vida a levar a Capelinha da M\u00e3e Peregrina para as fam\u00edlias. Esse testemunho tocou os cora\u00e7\u00f5es e renovou o compromisso de todos com a miss\u00e3o da Campanha.<\/p>\n<p><img decoding=\"async\" src=\"https:\/\/www.encontraassis.com.br\/guia\/wp-content\/uploads\/2026\/03\/campanha-da-mae-peregrina-participa-da-abertura-das-atividades-na-diocese-de-assis-sp.webp\" alt=\"Campanha da M\u00e3e Peregrina\" loading=\"lazy\" \/><\/p>\n<h2>Conquistas e Projetos da Liga das M\u00e3es<\/h2>\n<p>A Liga das M\u00e3es foi a primeira a apresentar suas conquistas e planos futuros atrav\u00e9s da dirigente Vilma Castello, que detalhou as a\u00e7\u00f5es realizadas e as metas para o ano. Essa iniciativa trouxe uma nova din\u00e2mica de motiva\u00e7\u00e3o e organiza\u00e7\u00e3o entre as participantes, visando fortalecer os la\u00e7os de uni\u00e3o e f\u00e9 entre as m\u00e3es da comunidade.<\/p>\n<h2>Campanha da M\u00e3e Peregrina e Seus Impactos<\/h2>\n<p>Na sequ\u00eancia, Val\u00e9ria Almeida, coordenadora da Campanha da M\u00e3e Peregrina na cidade, destacou o impacto que a Campanha tem na comunidade local e na diocese. Ela encorajou as coordenadoras e suas fam\u00edlias a seguirem os ensinamentos do Vener\u00e1vel Jo\u00e3o Luiz Pozzobon, reafirmando sua miss\u00e3o de espalhar a devo\u00e7\u00e3o \u00e0 M\u00e3e Peregrina.<\/p>\n<h2>Atividades do Ter\u00e7o dos Homens<\/h2>\n<p>O coordenador diocesano Lup\u00e9rcio Ferreira falou sobre as atividades do Ter\u00e7o dos Homens, relatando os encontros que ocorreram em v\u00e1rias esferas: local, diocesano e nacional. Ele enfatizou a import\u00e2ncia da uni\u00e3o entre os homens na ora\u00e7\u00e3o e na for\u00e7a da f\u00e9, algo que tem trazido um novo \u00e2nimo \u00e0 comunidade.<\/p>\n<h2>Melhorias Estruturais da Ermida<\/h2>\n<p>A coordenadora diocesana Elisabete Nunes apresentou as melhorias estruturais j\u00e1 realizadas na Ermida e discutiu os projetos futuros para garantir um melhor espa\u00e7o para acolher todos os visitantes. Ela ressaltou o objetivo de promover um ambiente ainda mais bonito e acolhedor para a viv\u00eancia da f\u00e9 e das atividades da diocese.<\/p>\n<h2>Novas Lideran\u00e7as na Liga de Fam\u00edlias<\/h2>\n<p>Um momento especial foi a apresenta\u00e7\u00e3o do casal Lu\u00eds Paulo e Isabella como novos dirigentes do 1\u00ba Ramo da Liga de Fam\u00edlias da Diocese. Eles compartilharam suas experi\u00eancias no Movimento e expressaram a alegria em assumir essa nova miss\u00e3o, transmitindo entusiasmo e inspira\u00e7\u00e3o aos participantes sobre a relev\u00e2ncia do papel da fam\u00edlia na comunidade.<\/p>\n<h2>Momentos de Partilha e Comemora\u00e7\u00e3o<\/h2>\n<p>O encontro foi encerrado com um precioso momento de partilha, onde todos os presentes puderam expressar suas experi\u00eancias e sentimentos sobre o que ouviram e vivenciaram durante a reuni\u00e3o. Este momento de intera\u00e7\u00e3o foi fundamental para fortalecer os la\u00e7os de fraternidade entre os participantes.<\/p>\n<h2>Expectativas para o Ano Mission\u00e1rio<\/h2>\n<p>O evento marcou um novo come\u00e7o para a Fam\u00edlia de Schoenstatt na Diocese de Assis\/SP, trazendo esperan\u00e7a e um renovado ardor mission\u00e1rio. Todos sa\u00edram do encontro com a certeza de que os pr\u00f3ximos meses ser\u00e3o de muito trabalho, dedica\u00e7\u00e3o e amor \u00e0 miss\u00e3o de levar a mensagem da M\u00e3e Peregrina a mais fam\u00edlias, consolidando a unidade e a f\u00e9 na comunidade.<\/p>\n","protected":false},"excerpt":{"rendered":"<p>Campanha da M\u00e3e Peregrina marca a abertura das atividades na Diocese de Assis\/SP.<\/p>\n","protected":false},"author":1,"featured_media":5108,"comment_status":"open","ping_status":"open","sticky":false,"template":"","format":"standard","meta":{"footnotes":""},"categories":[5],"tags":[],"class_list":["post-5109","post","type-post","status-publish","format-standard","has-post-thumbnail","hentry","category-noticias","has_thumb"],"yoast_head":"<!-- This site is optimized with the Yoast SEO plugin v26.4 - https:\/\/yoast.com\/wordpress\/plugins\/seo\/ -->\n<title>Campanha da M\u00e3e Peregrina participa da abertura das atividades na Diocese de Assis\/SP | Guia Comercial de Assis SP<\/title>\n<meta name=\"robots\" content=\"index, follow, max-snippet:-1, max-image-preview:large, max-video-preview:-1\" \/>\n<link rel=\"canonical\" href=\"https:\/\/www.encontraassis.com.br\/guia\/campanha-da-mae-peregrina-participa-da-abertura-das-atividades-na-diocese-de-assis-sp\/\" \/>\n<meta property=\"og:locale\" content=\"pt_BR\" \/>\n<meta property=\"og:type\" content=\"article\" \/>\n<meta property=\"og:title\" content=\"Campanha da M\u00e3e Peregrina participa da abertura das atividades na Diocese de Assis\/SP | Guia Comercial de Assis SP\" \/>\n<meta property=\"og:description\" content=\"Campanha da M\u00e3e Peregrina marca a abertura das atividades na Diocese de Assis\/SP.\" \/>\n<meta property=\"og:url\" content=\"https:\/\/www.encontraassis.com.br\/guia\/campanha-da-mae-peregrina-participa-da-abertura-das-atividades-na-diocese-de-assis-sp\/\" \/>\n<meta property=\"og:site_name\" content=\"Guia Comercial de Assis SP\" \/>\n<meta property=\"article:published_time\" content=\"2026-03-04T15:14:28+00:00\" \/>\n<meta property=\"og:image\" content=\"https:\/\/www.encontraassis.com.br\/guia\/wp-content\/uploads\/2026\/03\/campanha-da-mae-peregrina-participa-da-abertura-das-atividades-na-diocese-de-assis-sp.webp\" \/>\n<meta name=\"author\" content=\"Encontra Assis\" \/>\n<meta name=\"twitter:card\" content=\"summary_large_image\" \/>\n<meta name=\"twitter:label1\" content=\"Escrito por\" \/>\n\t<meta name=\"twitter:data1\" content=\"Encontra Assis\" \/>\n\t<meta name=\"twitter:label2\" content=\"Est. tempo de leitura\" \/>\n\t<meta name=\"twitter:data2\" content=\"3 minutos\" \/>\n<script type=\"application\/ld+json\" class=\"yoast-schema-graph\">{\"@context\":\"https:\/\/schema.org\",\"@graph\":[{\"@type\":\"WebPage\",\"@id\":\"https:\/\/www.encontraassis.com.br\/guia\/campanha-da-mae-peregrina-participa-da-abertura-das-atividades-na-diocese-de-assis-sp\/\",\"url\":\"https:\/\/www.encontraassis.com.br\/guia\/campanha-da-mae-peregrina-participa-da-abertura-das-atividades-na-diocese-de-assis-sp\/\",\"name\":\"Campanha da M\u00e3e Peregrina participa da abertura das atividades na Diocese de Assis\/SP | Guia Comercial de Assis SP\",\"isPartOf\":{\"@id\":\"https:\/\/www.encontraassis.com.br\/guia\/#website\"},\"primaryImageOfPage\":{\"@id\":\"https:\/\/www.encontraassis.com.br\/guia\/campanha-da-mae-peregrina-participa-da-abertura-das-atividades-na-diocese-de-assis-sp\/#primaryimage\"},\"image\":{\"@id\":\"https:\/\/www.encontraassis.com.br\/guia\/campanha-da-mae-peregrina-participa-da-abertura-das-atividades-na-diocese-de-assis-sp\/#primaryimage\"},\"thumbnailUrl\":\"https:\/\/www.encontraassis.com.br\/guia\/wp-content\/uploads\/2026\/03\/campanha-da-mae-peregrina-participa-da-abertura-das-atividades-na-diocese-de-assis-sp.webp\",\"datePublished\":\"2026-03-04T15:14:28+00:00\",\"author\":{\"@id\":\"https:\/\/www.encontraassis.com.br\/guia\/#\/schema\/person\/05eae637c8b283c24716ab905641bc4c\"},\"inLanguage\":\"pt-BR\",\"potentialAction\":[{\"@type\":\"ReadAction\",\"target\":[\"https:\/\/www.encontraassis.com.br\/guia\/campanha-da-mae-peregrina-participa-da-abertura-das-atividades-na-diocese-de-assis-sp\/\"]}]},{\"@type\":\"ImageObject\",\"inLanguage\":\"pt-BR\",\"@id\":\"https:\/\/www.encontraassis.com.br\/guia\/campanha-da-mae-peregrina-participa-da-abertura-das-atividades-na-diocese-de-assis-sp\/#primaryimage\",\"url\":\"https:\/\/www.encontraassis.com.br\/guia\/wp-content\/uploads\/2026\/03\/campanha-da-mae-peregrina-participa-da-abertura-das-atividades-na-diocese-de-assis-sp.webp\",\"contentUrl\":\"https:\/\/www.encontraassis.com.br\/guia\/wp-content\/uploads\/2026\/03\/campanha-da-mae-peregrina-participa-da-abertura-das-atividades-na-diocese-de-assis-sp.webp\",\"width\":280,\"height\":280,\"caption\":\"Campanha da M\u00e3e Peregrina\"},{\"@type\":\"WebSite\",\"@id\":\"https:\/\/www.encontraassis.com.br\/guia\/#website\",\"url\":\"https:\/\/www.encontraassis.com.br\/guia\/\",\"name\":\"Guia Comercial de Assis SP\",\"description\":\"ENCONTRA ASSIS - O guia comercial de neg\u00f3cios e empresas, cultura e divers\u00e3o na cidade de Assis. Feito 100% para voc\u00ea morador!\",\"potentialAction\":[{\"@type\":\"SearchAction\",\"target\":{\"@type\":\"EntryPoint\",\"urlTemplate\":\"https:\/\/www.encontraassis.com.br\/guia\/?s={search_term_string}\"},\"query-input\":{\"@type\":\"PropertyValueSpecification\",\"valueRequired\":true,\"valueName\":\"search_term_string\"}}],\"inLanguage\":\"pt-BR\"},{\"@type\":\"Person\",\"@id\":\"https:\/\/www.encontraassis.com.br\/guia\/#\/schema\/person\/05eae637c8b283c24716ab905641bc4c\",\"name\":\"Encontra Assis\",\"image\":{\"@type\":\"ImageObject\",\"inLanguage\":\"pt-BR\",\"@id\":\"https:\/\/www.encontraassis.com.br\/guia\/#\/schema\/person\/image\/\",\"url\":\"https:\/\/secure.gravatar.com\/avatar\/c50c17820bcf322f0a8fd6b110b8c0918141409dc69076470f6fca5fee70a5d4?s=96&d=mm&r=g\",\"contentUrl\":\"https:\/\/secure.gravatar.com\/avatar\/c50c17820bcf322f0a8fd6b110b8c0918141409dc69076470f6fca5fee70a5d4?s=96&d=mm&r=g\",\"caption\":\"Encontra Assis\"},\"url\":\"https:\/\/www.encontraassis.com.br\/guia\/author\/encontraassis\/\"}]}<\/script>\n<!-- \/ Yoast SEO plugin. -->","yoast_head_json":{"title":"Campanha da M\u00e3e Peregrina participa da abertura das atividades na Diocese de Assis\/SP | Guia Comercial de Assis SP","robots":{"index":"index","follow":"follow","max-snippet":"max-snippet:-1","max-image-preview":"max-image-preview:large","max-video-preview":"max-video-preview:-1"},"canonical":"https:\/\/www.encontraassis.com.br\/guia\/campanha-da-mae-peregrina-participa-da-abertura-das-atividades-na-diocese-de-assis-sp\/","og_locale":"pt_BR","og_type":"article","og_title":"Campanha da M\u00e3e Peregrina participa da abertura das atividades na Diocese de Assis\/SP | Guia Comercial de Assis SP","og_description":"Campanha da M\u00e3e Peregrina marca a abertura das atividades na Diocese de Assis\/SP.","og_url":"https:\/\/www.encontraassis.com.br\/guia\/campanha-da-mae-peregrina-participa-da-abertura-das-atividades-na-diocese-de-assis-sp\/","og_site_name":"Guia Comercial de Assis SP","article_published_time":"2026-03-04T15:14:28+00:00","og_image":[{"url":"https:\/\/www.encontraassis.com.br\/guia\/wp-content\/uploads\/2026\/03\/campanha-da-mae-peregrina-participa-da-abertura-das-atividades-na-diocese-de-assis-sp.webp","type":"","width":"","height":""}],"author":"Encontra Assis","twitter_card":"summary_large_image","twitter_misc":{"Escrito por":"Encontra Assis","Est. tempo de leitura":"3 minutos"},"schema":{"@context":"https:\/\/schema.org","@graph":[{"@type":"WebPage","@id":"https:\/\/www.encontraassis.com.br\/guia\/campanha-da-mae-peregrina-participa-da-abertura-das-atividades-na-diocese-de-assis-sp\/","url":"https:\/\/www.encontraassis.com.br\/guia\/campanha-da-mae-peregrina-participa-da-abertura-das-atividades-na-diocese-de-assis-sp\/","name":"Campanha da M\u00e3e Peregrina participa da abertura das atividades na Diocese de Assis\/SP | Guia Comercial de Assis SP","isPartOf":{"@id":"https:\/\/www.encontraassis.com.br\/guia\/#website"},"primaryImageOfPage":{"@id":"https:\/\/www.encontraassis.com.br\/guia\/campanha-da-mae-peregrina-participa-da-abertura-das-atividades-na-diocese-de-assis-sp\/#primaryimage"},"image":{"@id":"https:\/\/www.encontraassis.com.br\/guia\/campanha-da-mae-peregrina-participa-da-abertura-das-atividades-na-diocese-de-assis-sp\/#primaryimage"},"thumbnailUrl":"https:\/\/www.encontraassis.com.br\/guia\/wp-content\/uploads\/2026\/03\/campanha-da-mae-peregrina-participa-da-abertura-das-atividades-na-diocese-de-assis-sp.webp","datePublished":"2026-03-04T15:14:28+00:00","author":{"@id":"https:\/\/www.encontraassis.com.br\/guia\/#\/schema\/person\/05eae637c8b283c24716ab905641bc4c"},"inLanguage":"pt-BR","potentialAction":[{"@type":"ReadAction","target":["https:\/\/www.encontraassis.com.br\/guia\/campanha-da-mae-peregrina-participa-da-abertura-das-atividades-na-diocese-de-assis-sp\/"]}]},{"@type":"ImageObject","inLanguage":"pt-BR","@id":"https:\/\/www.encontraassis.com.br\/guia\/campanha-da-mae-peregrina-participa-da-abertura-das-atividades-na-diocese-de-assis-sp\/#primaryimage","url":"https:\/\/www.encontraassis.com.br\/guia\/wp-content\/uploads\/2026\/03\/campanha-da-mae-peregrina-participa-da-abertura-das-atividades-na-diocese-de-assis-sp.webp","contentUrl":"https:\/\/www.encontraassis.com.br\/guia\/wp-content\/uploads\/2026\/03\/campanha-da-mae-peregrina-participa-da-abertura-das-atividades-na-diocese-de-assis-sp.webp","width":280,"height":280,"caption":"Campanha da M\u00e3e Peregrina"},{"@type":"WebSite","@id":"https:\/\/www.encontraassis.com.br\/guia\/#website","url":"https:\/\/www.encontraassis.com.br\/guia\/","name":"Guia Comercial de Assis SP","description":"ENCONTRA ASSIS - O guia comercial de neg\u00f3cios e empresas, cultura e divers\u00e3o na cidade de Assis. Feito 100% para voc\u00ea morador!","potentialAction":[{"@type":"SearchAction","target":{"@type":"EntryPoint","urlTemplate":"https:\/\/www.encontraassis.com.br\/guia\/?s={search_term_string}"},"query-input":{"@type":"PropertyValueSpecification","valueRequired":true,"valueName":"search_term_string"}}],"inLanguage":"pt-BR"},{"@type":"Person","@id":"https:\/\/www.encontraassis.com.br\/guia\/#\/schema\/person\/05eae637c8b283c24716ab905641bc4c","name":"Encontra Assis","image":{"@type":"ImageObject","inLanguage":"pt-BR","@id":"https:\/\/www.encontraassis.com.br\/guia\/#\/schema\/person\/image\/","url":"https:\/\/secure.gravatar.com\/avatar\/c50c17820bcf322f0a8fd6b110b8c0918141409dc69076470f6fca5fee70a5d4?s=96&d=mm&r=g","contentUrl":"https:\/\/secure.gravatar.com\/avatar\/c50c17820bcf322f0a8fd6b110b8c0918141409dc69076470f6fca5fee70a5d4?s=96&d=mm&r=g","caption":"Encontra Assis"},"url":"https:\/\/www.encontraassis.com.br\/guia\/author\/encontraassis\/"}]}},"_links":{"self":[{"href":"https:\/\/www.encontraassis.com.br\/guia\/wp-json\/wp\/v2\/posts\/5109","targetHints":{"allow":["GET"]}}],"collection":[{"href":"https:\/\/www.encontraassis.com.br\/guia\/wp-json\/wp\/v2\/posts"}],"about":[{"href":"https:\/\/www.encontraassis.com.br\/guia\/wp-json\/wp\/v2\/types\/post"}],"author":[{"embeddable":true,"href":"https:\/\/www.encontraassis.com.br\/guia\/wp-json\/wp\/v2\/users\/1"}],"replies":[{"embeddable":true,"href":"https:\/\/www.encontraassis.com.br\/guia\/wp-json\/wp\/v2\/comments?post=5109"}],"version-history":[{"count":0,"href":"https:\/\/www.encontraassis.com.br\/guia\/wp-json\/wp\/v2\/posts\/5109\/revisions"}],"wp:featuredmedia":[{"embeddable":true,"href":"https:\/\/www.encontraassis.com.br\/guia\/wp-json\/wp\/v2\/media\/5108"}],"wp:attachment":[{"href":"https:\/\/www.encontraassis.com.br\/guia\/wp-json\/wp\/v2\/media?parent=5109"}],"wp:term":[{"taxonomy":"category","embeddable":true,"href":"https:\/\/www.encontraassis.com.br\/guia\/wp-json\/wp\/v2\/categories?post=5109"},{"taxonomy":"post_tag","embeddable":true,"href":"https:\/\/www.encontraassis.com.br\/guia\/wp-json\/wp\/v2\/tags?post=5109"}],"curies":[{"name":"wp","href":"https:\/\/api.w.org\/{rel}","templated":true}]}}