{"id":5141,"date":"2026-03-12T12:22:23","date_gmt":"2026-03-12T15:22:23","guid":{"rendered":"https:\/\/www.encontraassis.com.br\/guia\/inmet-emite-alerta-de-perigo-para-chuvas-na-regiao-sudeste-e-centro\/"},"modified":"2026-03-12T12:22:23","modified_gmt":"2026-03-12T15:22:23","slug":"inmet-emite-alerta-de-perigo-para-chuvas-na-regiao-sudeste-e-centro","status":"publish","type":"post","link":"https:\/\/www.encontraassis.com.br\/guia\/inmet-emite-alerta-de-perigo-para-chuvas-na-regiao-sudeste-e-centro\/","title":{"rendered":"Inmet emite alerta de perigo para chuvas na regi\u00e3o Sudeste e Centro"},"content":{"rendered":"<h2>Entenda o Alerta do Inmet<\/h2>\n<p>O Instituto Nacional de Meteorologia (Inmet) divulgou um <strong>aviso de perigo severo<\/strong> para a regi\u00e3o Sudeste e partes do Centro-Oeste do Brasil, sinalizando a antecipa\u00e7\u00e3o de chuvas intensas. Este aviso foi emitido com in\u00edcio na madrugada da \u00faltima quarta-feira (11) e permanecer\u00e1 em vigor at\u00e9 as 23h59 do mesmo dia.<\/p>\n<p>O Inmet projetou que as precipita\u00e7\u00f5es poderiam ultrapassar <strong>60 mm por hora<\/strong> ou atingir mais de <strong>100 mm ao longo do dia<\/strong>, valores que, segundo a institui\u00e7\u00e3o, s\u00e3o considerados elevados e que podem resultar em s\u00e9rios problemas, como <strong>alagamentos<\/strong>, <strong>transbordamentos de rios<\/strong> e <strong>deslizamentos de terra<\/strong>.<\/p>\n<h2>Previs\u00e3o de Chuvas e Impactos<\/h2>\n<p>A previs\u00e3o indica que as chuvas intensas podem levar a consequ\u00eancias graves na infraestrutura das cidades afetadas. As regi\u00f5es em alerta incluem uma ampla gama de munic\u00edpio, que poder\u00e3o enfrentar problemas significativos se as condi\u00e7\u00f5es clim\u00e1ticas forem mais severas do que o esperado.<\/p>\n<p>Al\u00e9m das chuvas, s\u00e3o esperadas mudan\u00e7as de temperatura, que poder\u00e3o impactar a umidade relativa do ar e aumentar a tens\u00e3o nas \u00e1reas j\u00e1 vulner\u00e1veis a deslizamentos e alagamentos. Os meteorologistas sugerem que a popula\u00e7\u00e3o esteja ciente das mudan\u00e7as clim\u00e1ticas e prepare suas resid\u00eancias para minimizar os danos potenciais.<\/p>\n<h2>Poss\u00edveis Alagamentos na Regi\u00e3o<\/h2>\n<p>Os alagamentos s\u00e3o uma preocupa\u00e7\u00e3o real, especialmente em \u00e1reas urbanas onde a drenagem pode ser insuficiente. As chuvas com alto volume em curto espa\u00e7o de tempo podem comprometer a capacidade dos sistemas de drenagem, resultando em <strong>inunda\u00e7\u00f5es urbanas<\/strong>. A popula\u00e7\u00e3o deve estar atenta a casas, ruas e outras \u00e1reas propensas a enchentes.<\/p>\n<p>\u00c9 importante lembrar que, em casos de alagamento, as \u00e1guas podem submeter-se a contamina\u00e7\u00e3o, trazendo riscos \u00e0 sa\u00fade. Portanto, manter-se informado sobre o desenvolvimento da situa\u00e7\u00e3o e seguir as recomenda\u00e7\u00f5es das autoridades \u00e9 fundamental.<\/p>\n<h2>Risco de Deslizamentos de Terra<\/h2>\n<p>Um dos efeitos mais preocupantes das chuvas intensas \u00e9 o potencial para <strong>deslizamentos de terra<\/strong>. Com a satura\u00e7\u00e3o do solo, \u00e1reas montanhosas ou inclinadas s\u00e3o mais suscet\u00edveis a deslizamentos, apresentando risco para pessoas e propriedades.<\/p>\n<p>As popula\u00e7\u00f5es que habitam pr\u00f3ximos a encostas devem monitorar sinais de alerta, como fissuras no solo e movimento da terra, e devem permanecer atentas \u00e0s orienta\u00e7\u00f5es da Defesa Civil local.<\/p>\n<h2>Orienta\u00e7\u00f5es de Seguran\u00e7a para a Popula\u00e7\u00e3o<\/h2>\n<p>Diante do alerta meteorol\u00f3gico, o Inmet recomenda que todos considerem algumas pr\u00e1ticas de seguran\u00e7a, tais como:<\/p>\n<ul>\n<li><strong>Desligar aparelhos el\u00e9tricos:<\/strong> Isso pode evitar riscos de choque em caso de queda de energia ou alagamentos.<\/li>\n<li><strong>Observar sinais de mudan\u00e7a em encostas e terrenos:<\/strong> Sinais de alerta como rachaduras na terra podem indicar riscos de deslizamento.<\/li>\n<li><strong>Permanecer em local seguro:<\/strong> Durante eventos clim\u00e1ticos severos, \u00e9 importante estar em um lugar seguro e abrigado.<\/li>\n<li><strong>Contatar a Defesa Civil:<\/strong> Em situa\u00e7\u00f5es perigosas, utilize os n\u00fameros das autoridades locais de emerg\u00eancia.<\/li>\n<\/ul>\n<h2>Cidades em Alerta: O Que Esperar<\/h2>\n<p>Um total de <strong>572 munic\u00edpios<\/strong> foi inclu\u00eddo no alerta do Inmet. Algumas das principais cidades afetadas incluem:<\/p>\n<ul>\n<li>Presidente Prudente (SP)<\/li>\n<li>S\u00e3o Jos\u00e9 do Rio Preto (SP)<\/li>\n<li>Campinas (SP)<\/li>\n<li>Ribeir\u00e3o Preto (SP)<\/li>\n<li>Tri\u00e2ngulo Mineiro\/Alto Parana\u00edba (MG)<\/li>\n<li>Sul\/Sudoeste de Minas (MG)<\/li>\n<li>Macro Metropolitana Paulista (SP)<\/li>\n<li>Cidades em Mato Grosso do Sul, como Campo Grande e Dourados<\/li>\n<\/ul>\n<p>Os residentes dessas localidades devem se preparar para condi\u00e7\u00f5es clim\u00e1ticas adversas, prestando aten\u00e7\u00e3o em quaisquer recomenda\u00e7\u00f5es de evacua\u00e7\u00e3o ou orienta\u00e7\u00e3o dada pelas autoridades locais.<\/p>\n<h2>Como Se Preparar para o Temporal<\/h2>\n<p>Preparar-se para uma tempestade envolve planejamento e antecipa\u00e7\u00e3o. Siga as etapas abaixo:<\/p>\n<ul>\n<li><strong>Verificar suprimentos:<\/strong> Certifique-se de ter comida, \u00e1gua e medicamentos em quantidade suficiente para emerg\u00eancias.<\/li>\n<li><strong>Cal\u00e7ados e roupas adequadas:<\/strong> Utilize vestimentas apropriadas e evite sair durante tempestades fortes.<\/li>\n<li><strong>Planejar rotas de fuga:<\/strong> Saiba os caminhos seguros que voc\u00ea pode usar para se afastar de \u00e1reas de risco, se necess\u00e1rio.<\/li>\n<li><strong>Avisar familiares e amigos:<\/strong> Mantenha sua fam\u00edlia e amigos informados sobre sua situa\u00e7\u00e3o e planos.<\/li>\n<\/ul>\n<h2>O Papel da Defesa Civil em Casos de Emerg\u00eancia<\/h2>\n<p>A Defesa Civil desempenha um papel fundamental ao fornecer informa\u00e7\u00f5es e coordena\u00e7\u00e3o durante emerg\u00eancias. Eles s\u00e3o respons\u00e1veis por:<\/p>\n<ul>\n<li><strong>Informar a popula\u00e7\u00e3o:<\/strong> Emitir alertas e orienta\u00e7\u00f5es em rela\u00e7\u00e3o \u00e0s condi\u00e7\u00f5es clim\u00e1ticas e poss\u00edveis riscos.<\/li>\n<li><strong>Coordena\u00e7\u00e3o de evacua\u00e7\u00f5es:<\/strong> Facilitar a movimenta\u00e7\u00e3o segura das pessoas em \u00e1reas afetadas.<\/li>\n<li><strong>Apoio humanit\u00e1rio:<\/strong> Oferecer assist\u00eancia \u00e0s comunidades afetadas por desastres naturais.<\/li>\n<\/ul>\n<h2>Mudan\u00e7as Clim\u00e1ticas e Padr\u00f5es de Chuva<\/h2>\n<p>As mudan\u00e7as clim\u00e1ticas est\u00e3o afetando padr\u00f5es de precipita\u00e7\u00e3o em todo o mundo. Tempos de seca intercalados com per\u00edodos de chuvas torrenciais aumentam a vulnerabilidade das regi\u00f5es. As altera\u00e7\u00f5es nos padr\u00f5es clim\u00e1ticos t\u00eam potencial para aumentar a frequ\u00eancia e a intensidade de eventos clim\u00e1ticos extremos.<\/p>\n<p>O reconhecimento desse fen\u00f4meno \u00e9 essencial para que as comunidades possam planejar e se preparar melhor para os impactos das mudan\u00e7as clim\u00e1ticas em suas vidas.<\/p>\n<h2>Como Acompanhar as Atualiza\u00e7\u00f5es Meteorol\u00f3gicas<\/h2>\n<p>\u00c9 crucial que a popula\u00e7\u00e3o permane\u00e7a informada sobre as condi\u00e7\u00f5es clim\u00e1ticas antes e durante a ocorr\u00eancia de tempestades. Para isso, considere:<\/p>\n<ul>\n<li><strong>Aplicativos de previs\u00e3o do tempo:<\/strong> Utilizar aplicativos no celular que forne\u00e7am informa\u00e7\u00f5es em tempo real.<\/li>\n<li><strong>Sites confi\u00e1veis:<\/strong> Acompanhar os acompanhamentos meteorol\u00f3gicos de sites oficiais.<\/li>\n<li><strong>R\u00e1dios locais:<\/strong> Sintonizar r\u00e1dios que oferecer\u00e3o informa\u00e7\u00f5es durante emerg\u00eancias.<\/li>\n<\/ul>\n","protected":false},"excerpt":{"rendered":"<p>Alerta de chuvas intensas: Inmet prev\u00ea riscos de alagamentos e deslizamentos.<\/p>\n","protected":false},"author":1,"featured_media":0,"comment_status":"open","ping_status":"open","sticky":false,"template":"","format":"standard","meta":{"footnotes":""},"categories":[5],"tags":[],"class_list":["post-5141","post","type-post","status-publish","format-standard","hentry","category-noticias"],"yoast_head":"<!-- This site is optimized with the Yoast SEO plugin v26.4 - https:\/\/yoast.com\/wordpress\/plugins\/seo\/ -->\n<title>Inmet emite alerta de perigo para chuvas na regi\u00e3o Sudeste e Centro | Guia Comercial de Assis SP<\/title>\n<meta name=\"robots\" content=\"index, follow, max-snippet:-1, max-image-preview:large, max-video-preview:-1\" \/>\n<link rel=\"canonical\" href=\"https:\/\/www.encontraassis.com.br\/guia\/inmet-emite-alerta-de-perigo-para-chuvas-na-regiao-sudeste-e-centro\/\" \/>\n<meta property=\"og:locale\" content=\"pt_BR\" \/>\n<meta property=\"og:type\" content=\"article\" \/>\n<meta property=\"og:title\" content=\"Inmet emite alerta de perigo para chuvas na regi\u00e3o Sudeste e Centro | Guia Comercial de Assis SP\" \/>\n<meta property=\"og:description\" content=\"Alerta de chuvas intensas: Inmet prev\u00ea riscos de alagamentos e deslizamentos.\" \/>\n<meta property=\"og:url\" content=\"https:\/\/www.encontraassis.com.br\/guia\/inmet-emite-alerta-de-perigo-para-chuvas-na-regiao-sudeste-e-centro\/\" \/>\n<meta property=\"og:site_name\" content=\"Guia Comercial de Assis SP\" \/>\n<meta property=\"article:published_time\" content=\"2026-03-12T15:22:23+00:00\" \/>\n<meta name=\"author\" content=\"Encontra Assis\" \/>\n<meta name=\"twitter:card\" content=\"summary_large_image\" \/>\n<meta name=\"twitter:label1\" content=\"Escrito por\" \/>\n\t<meta name=\"twitter:data1\" content=\"Encontra Assis\" \/>\n\t<meta name=\"twitter:label2\" content=\"Est. tempo de leitura\" \/>\n\t<meta name=\"twitter:data2\" content=\"5 minutos\" \/>\n<script type=\"application\/ld+json\" class=\"yoast-schema-graph\">{\"@context\":\"https:\/\/schema.org\",\"@graph\":[{\"@type\":\"WebPage\",\"@id\":\"https:\/\/www.encontraassis.com.br\/guia\/inmet-emite-alerta-de-perigo-para-chuvas-na-regiao-sudeste-e-centro\/\",\"url\":\"https:\/\/www.encontraassis.com.br\/guia\/inmet-emite-alerta-de-perigo-para-chuvas-na-regiao-sudeste-e-centro\/\",\"name\":\"Inmet emite alerta de perigo para chuvas na regi\u00e3o Sudeste e Centro | Guia Comercial de Assis SP\",\"isPartOf\":{\"@id\":\"https:\/\/www.encontraassis.com.br\/guia\/#website\"},\"datePublished\":\"2026-03-12T15:22:23+00:00\",\"author\":{\"@id\":\"https:\/\/www.encontraassis.com.br\/guia\/#\/schema\/person\/05eae637c8b283c24716ab905641bc4c\"},\"inLanguage\":\"pt-BR\",\"potentialAction\":[{\"@type\":\"ReadAction\",\"target\":[\"https:\/\/www.encontraassis.com.br\/guia\/inmet-emite-alerta-de-perigo-para-chuvas-na-regiao-sudeste-e-centro\/\"]}]},{\"@type\":\"WebSite\",\"@id\":\"https:\/\/www.encontraassis.com.br\/guia\/#website\",\"url\":\"https:\/\/www.encontraassis.com.br\/guia\/\",\"name\":\"Guia Comercial de Assis SP\",\"description\":\"ENCONTRA ASSIS - O guia comercial de neg\u00f3cios e empresas, cultura e divers\u00e3o na cidade de Assis. Feito 100% para voc\u00ea morador!\",\"potentialAction\":[{\"@type\":\"SearchAction\",\"target\":{\"@type\":\"EntryPoint\",\"urlTemplate\":\"https:\/\/www.encontraassis.com.br\/guia\/?s={search_term_string}\"},\"query-input\":{\"@type\":\"PropertyValueSpecification\",\"valueRequired\":true,\"valueName\":\"search_term_string\"}}],\"inLanguage\":\"pt-BR\"},{\"@type\":\"Person\",\"@id\":\"https:\/\/www.encontraassis.com.br\/guia\/#\/schema\/person\/05eae637c8b283c24716ab905641bc4c\",\"name\":\"Encontra Assis\",\"image\":{\"@type\":\"ImageObject\",\"inLanguage\":\"pt-BR\",\"@id\":\"https:\/\/www.encontraassis.com.br\/guia\/#\/schema\/person\/image\/\",\"url\":\"https:\/\/secure.gravatar.com\/avatar\/c50c17820bcf322f0a8fd6b110b8c0918141409dc69076470f6fca5fee70a5d4?s=96&d=mm&r=g\",\"contentUrl\":\"https:\/\/secure.gravatar.com\/avatar\/c50c17820bcf322f0a8fd6b110b8c0918141409dc69076470f6fca5fee70a5d4?s=96&d=mm&r=g\",\"caption\":\"Encontra Assis\"},\"url\":\"https:\/\/www.encontraassis.com.br\/guia\/author\/encontraassis\/\"}]}<\/script>\n<!-- \/ Yoast SEO plugin. -->","yoast_head_json":{"title":"Inmet emite alerta de perigo para chuvas na regi\u00e3o Sudeste e Centro | Guia Comercial de Assis SP","robots":{"index":"index","follow":"follow","max-snippet":"max-snippet:-1","max-image-preview":"max-image-preview:large","max-video-preview":"max-video-preview:-1"},"canonical":"https:\/\/www.encontraassis.com.br\/guia\/inmet-emite-alerta-de-perigo-para-chuvas-na-regiao-sudeste-e-centro\/","og_locale":"pt_BR","og_type":"article","og_title":"Inmet emite alerta de perigo para chuvas na regi\u00e3o Sudeste e Centro | Guia Comercial de Assis SP","og_description":"Alerta de chuvas intensas: Inmet prev\u00ea riscos de alagamentos e deslizamentos.","og_url":"https:\/\/www.encontraassis.com.br\/guia\/inmet-emite-alerta-de-perigo-para-chuvas-na-regiao-sudeste-e-centro\/","og_site_name":"Guia Comercial de Assis SP","article_published_time":"2026-03-12T15:22:23+00:00","author":"Encontra Assis","twitter_card":"summary_large_image","twitter_misc":{"Escrito por":"Encontra Assis","Est. tempo de leitura":"5 minutos"},"schema":{"@context":"https:\/\/schema.org","@graph":[{"@type":"WebPage","@id":"https:\/\/www.encontraassis.com.br\/guia\/inmet-emite-alerta-de-perigo-para-chuvas-na-regiao-sudeste-e-centro\/","url":"https:\/\/www.encontraassis.com.br\/guia\/inmet-emite-alerta-de-perigo-para-chuvas-na-regiao-sudeste-e-centro\/","name":"Inmet emite alerta de perigo para chuvas na regi\u00e3o Sudeste e Centro | Guia Comercial de Assis SP","isPartOf":{"@id":"https:\/\/www.encontraassis.com.br\/guia\/#website"},"datePublished":"2026-03-12T15:22:23+00:00","author":{"@id":"https:\/\/www.encontraassis.com.br\/guia\/#\/schema\/person\/05eae637c8b283c24716ab905641bc4c"},"inLanguage":"pt-BR","potentialAction":[{"@type":"ReadAction","target":["https:\/\/www.encontraassis.com.br\/guia\/inmet-emite-alerta-de-perigo-para-chuvas-na-regiao-sudeste-e-centro\/"]}]},{"@type":"WebSite","@id":"https:\/\/www.encontraassis.com.br\/guia\/#website","url":"https:\/\/www.encontraassis.com.br\/guia\/","name":"Guia Comercial de Assis SP","description":"ENCONTRA ASSIS - O guia comercial de neg\u00f3cios e empresas, cultura e divers\u00e3o na cidade de Assis. Feito 100% para voc\u00ea morador!","potentialAction":[{"@type":"SearchAction","target":{"@type":"EntryPoint","urlTemplate":"https:\/\/www.encontraassis.com.br\/guia\/?s={search_term_string}"},"query-input":{"@type":"PropertyValueSpecification","valueRequired":true,"valueName":"search_term_string"}}],"inLanguage":"pt-BR"},{"@type":"Person","@id":"https:\/\/www.encontraassis.com.br\/guia\/#\/schema\/person\/05eae637c8b283c24716ab905641bc4c","name":"Encontra Assis","image":{"@type":"ImageObject","inLanguage":"pt-BR","@id":"https:\/\/www.encontraassis.com.br\/guia\/#\/schema\/person\/image\/","url":"https:\/\/secure.gravatar.com\/avatar\/c50c17820bcf322f0a8fd6b110b8c0918141409dc69076470f6fca5fee70a5d4?s=96&d=mm&r=g","contentUrl":"https:\/\/secure.gravatar.com\/avatar\/c50c17820bcf322f0a8fd6b110b8c0918141409dc69076470f6fca5fee70a5d4?s=96&d=mm&r=g","caption":"Encontra Assis"},"url":"https:\/\/www.encontraassis.com.br\/guia\/author\/encontraassis\/"}]}},"_links":{"self":[{"href":"https:\/\/www.encontraassis.com.br\/guia\/wp-json\/wp\/v2\/posts\/5141","targetHints":{"allow":["GET"]}}],"collection":[{"href":"https:\/\/www.encontraassis.com.br\/guia\/wp-json\/wp\/v2\/posts"}],"about":[{"href":"https:\/\/www.encontraassis.com.br\/guia\/wp-json\/wp\/v2\/types\/post"}],"author":[{"embeddable":true,"href":"https:\/\/www.encontraassis.com.br\/guia\/wp-json\/wp\/v2\/users\/1"}],"replies":[{"embeddable":true,"href":"https:\/\/www.encontraassis.com.br\/guia\/wp-json\/wp\/v2\/comments?post=5141"}],"version-history":[{"count":0,"href":"https:\/\/www.encontraassis.com.br\/guia\/wp-json\/wp\/v2\/posts\/5141\/revisions"}],"wp:attachment":[{"href":"https:\/\/www.encontraassis.com.br\/guia\/wp-json\/wp\/v2\/media?parent=5141"}],"wp:term":[{"taxonomy":"category","embeddable":true,"href":"https:\/\/www.encontraassis.com.br\/guia\/wp-json\/wp\/v2\/categories?post=5141"},{"taxonomy":"post_tag","embeddable":true,"href":"https:\/\/www.encontraassis.com.br\/guia\/wp-json\/wp\/v2\/tags?post=5141"}],"curies":[{"name":"wp","href":"https:\/\/api.w.org\/{rel}","templated":true}]}}