{"id":5172,"date":"2026-03-23T12:14:47","date_gmt":"2026-03-23T15:14:47","guid":{"rendered":"https:\/\/www.encontraassis.com.br\/guia\/prefeitura-de-assis-reafirma-compromisso-e-encaminha-novo-plano-diretor-a-camara\/"},"modified":"2026-03-23T12:14:47","modified_gmt":"2026-03-23T15:14:47","slug":"prefeitura-de-assis-reafirma-compromisso-e-encaminha-novo-plano-diretor-a-camara","status":"publish","type":"post","link":"https:\/\/www.encontraassis.com.br\/guia\/prefeitura-de-assis-reafirma-compromisso-e-encaminha-novo-plano-diretor-a-camara\/","title":{"rendered":"Prefeitura de Assis reafirma compromisso e encaminha novo Plano Diretor \u00e0 C\u00e2mara"},"content":{"rendered":"<h2>O que \u00e9 o Plano Diretor?<\/h2>\n<p>O Plano Diretor \u00e9 um instrumento fundamental de planejamento urbano, estabelecido para orientar o desenvolvimento e a expans\u00e3o das cidades. Ele visa promover uma cidade organizada, que atenda \u00e0s necessidades dos seus cidad\u00e3os e garanta um crescimento sustent\u00e1vel. Este documento traz diretrizes claras sobre o uso e ocupa\u00e7\u00e3o do solo, infraestrutura, meio ambiente e, principalmente, a qualidade de vida dos habitantes.<\/p>\n<h2>Objetivos do Novo Plano Diretor<\/h2>\n<p>Os objetivos primordiais do novo Plano Diretor da Prefeitura de Assis incluem:<\/p>\n<ul>\n<li><strong>Desenvolvimento Sustent\u00e1vel:<\/strong> Fomentar pr\u00e1ticas que considerem os aspectos econ\u00f4micos, sociais e ambientais da cidade.<\/li>\n<li><strong>Integra\u00e7\u00e3o do Territ\u00f3rio:<\/strong> Promover um planejamento que conecte diferentes \u00e1reas urbanas, melhorando a mobilidade e acessibilidade.<\/li>\n<li><strong>Qualidade de Vida:<\/strong> Gerar espa\u00e7os que proporcionem bem-estar \u00e0 popula\u00e7\u00e3o, com \u00e1reas verdes e espa\u00e7os p\u00fablicos apropriados.<\/li>\n<li><strong>Participa\u00e7\u00e3o Social:<\/strong> Incentivar a participa\u00e7\u00e3o popular nas decis\u00f5es que impactam o planejamento da cidade.<\/li>\n<\/ul>\n<h2>Impactos Esperados na Cidade<\/h2>\n<p>A implementa\u00e7\u00e3o do novo Plano Diretor pode causar diversos impactos na vida urbana. Entre os principais, destacam-se:<\/p>\n<p><img decoding=\"async\" src=\"https:\/\/www.encontraassis.com.br\/guia\/wp-content\/uploads\/2026\/03\/prefeitura-de-assis-reafirma-compromisso-e-encaminha-novo-plano-diretor-a-camara.webp\" alt=\"Prefeitura de Assis\" loading=\"lazy\" \/><\/p>\n<ul>\n<li><strong>Aumento da Organiza\u00e7\u00e3o Urbana:<\/strong> Com regras claras sobre o uso do solo e diretrizes de desenvolvimento, espera-se um crescimento mais ordenado.<\/li>\n<li><strong>Melhoria na Infraestrutura:<\/strong> O plano inclui a atualiza\u00e7\u00e3o e cria\u00e7\u00e3o de novas infrastruturas que atendam \u00e0s demandas da popula\u00e7\u00e3o.<\/li>\n<li><strong>Valoriza\u00e7\u00e3o de \u00c1reas:<\/strong> Regi\u00f5es que antes n\u00e3o eram valorizadas podem ganhar novas oportunidades de desenvolvimento.<\/li>\n<\/ul>\n<h2>Processo de Aprova\u00e7\u00e3o na C\u00e2mara<\/h2>\n<p>O processo de aprova\u00e7\u00e3o do Plano Diretor envolve v\u00e1rias etapas. Primeiramente, \u00e9 necess\u00e1rio que o plano seja elaborado e apresentado pela Prefeitura, seguido por audi\u00eancias p\u00fablicas para discutir as propostas com a popula\u00e7\u00e3o. Ap\u00f3s as discuss\u00f5es e ajustes, o projeto \u00e9 encaminhado para a C\u00e2mara Municipal, onde ser\u00e1 votado. Para que o plano seja aprovado, \u00e9 preciso um consenso entre os vereadores.<\/p>\n<h2>A Import\u00e2ncia da Participa\u00e7\u00e3o Cidad\u00e3<\/h2>\n<p>Um dos pilares do novo Plano Diretor \u00e9 a participa\u00e7\u00e3o cidad\u00e3. O envolvimento da comunidade nas decis\u00f5es urbanas \u00e9 crucial para garantir que as necessidades e desejos dos cidad\u00e3os sejam ouvidos. As audi\u00eancias p\u00fablicas e consultas populares s\u00e3o a oportunidade perfeita para que os moradores expressem suas opini\u00f5es e sugiram melhorias.<\/p>\n<h2>Desenvolvimento Sustent\u00e1vel em Assis<\/h2>\n<p>A ado\u00e7\u00e3o de pr\u00e1ticas sustent\u00e1veis \u00e9 uma meta central do novo Plano Diretor. Isso reflete a necessidade de equilibrar o crescimento urbano com a preserva\u00e7\u00e3o ambiental. O plano prop\u00f5e iniciativas como:<\/p>\n<ul>\n<li><strong>Conserva\u00e7\u00e3o de \u00c1reas Verdes:<\/strong> Prote\u00e7\u00e3o e manuten\u00e7\u00e3o de parques e reservas ambientais.<\/li>\n<li><strong>Incentivo ao Transporte Sustent\u00e1vel:<\/strong> Criar ciclovias e melhorar o transporte p\u00fablico para reduzir a depend\u00eancia de ve\u00edculos privados.<\/li>\n<\/ul>\n<h2>Revis\u00f5es e Atualiza\u00e7\u00f5es no Plano<\/h2>\n<p>O Plano Diretor n\u00e3o \u00e9 um documento est\u00e1tico. Ele deve ser revisado periodicamente para se adaptar \u00e0s novas realidades e necessidades da cidade. Isso garante que as propostas continua\u00e7\u00e3o relevantes e eficazes no longo prazo.<\/p>\n<h2>Compara\u00e7\u00e3o com Planos Anteriores<\/h2>\n<p>Em compara\u00e7\u00e3o com planos anteriores, o novo Plano Diretor se destaca por sua abordagem mais inclusiva e pela \u00eanfase em sustentabilidade e participa\u00e7\u00e3o popular. As revis\u00f5es dos planos anteriores n\u00e3o incorporavam de maneira t\u00e3o efetiva as vozes da popula\u00e7\u00e3o, diferenciando o novo projeto em termos de participa\u00e7\u00e3o e transpar\u00eancia.<\/p>\n<h2>Desafios na Implementa\u00e7\u00e3o<\/h2>\n<p>A implementa\u00e7\u00e3o do Plano Diretor poder\u00e1 enfrentar alguns desafios, como:<\/p>\n<ul>\n<li><strong>Resist\u00eancia Pol\u00edtica:<\/strong> Mudan\u00e7as significativas no planejamento urbano podem enfrentar barreiras pol\u00edticas.<\/li>\n<li><strong>Recursos Financeiros:<\/strong> A execu\u00e7\u00e3o de projetos planejados requer investimento, e a falta de recursos pode atrasar os processos.<\/li>\n<\/ul>\n<h2>Pr\u00f3ximos Passos para a Prefeitura<\/h2>\n<p>Ap\u00f3s a aprova\u00e7\u00e3o do Plano Diretor pela C\u00e2mara Municipal, os pr\u00f3ximos passos incluem sua divulga\u00e7\u00e3o e a cria\u00e7\u00e3o de um cronograma de execu\u00e7\u00e3o das pol\u00edticas estabelecidas. Todos os setores da Prefeitura precisar\u00e3o alinhar suas a\u00e7\u00f5es conforme as diretrizes do plano, com um foco cont\u00ednuo na avalia\u00e7\u00e3o e na participa\u00e7\u00e3o do p\u00fablico nos processos de implementa\u00e7\u00e3o.<\/p>\n","protected":false},"excerpt":{"rendered":"<p>Prefeitura de Assis reafirma compromisso com novo plano diretor enviado \u00e0 C\u00e2mara.<\/p>\n","protected":false},"author":1,"featured_media":5171,"comment_status":"open","ping_status":"open","sticky":false,"template":"","format":"standard","meta":{"footnotes":""},"categories":[5],"tags":[],"class_list":["post-5172","post","type-post","status-publish","format-standard","has-post-thumbnail","hentry","category-noticias","has_thumb"],"yoast_head":"<!-- This site is optimized with the Yoast SEO plugin v26.4 - https:\/\/yoast.com\/wordpress\/plugins\/seo\/ -->\n<title>Prefeitura de Assis reafirma compromisso e encaminha novo Plano Diretor \u00e0 C\u00e2mara | Guia Comercial de Assis SP<\/title>\n<meta name=\"robots\" content=\"index, follow, max-snippet:-1, max-image-preview:large, max-video-preview:-1\" \/>\n<link rel=\"canonical\" href=\"https:\/\/www.encontraassis.com.br\/guia\/prefeitura-de-assis-reafirma-compromisso-e-encaminha-novo-plano-diretor-a-camara\/\" \/>\n<meta property=\"og:locale\" content=\"pt_BR\" \/>\n<meta property=\"og:type\" content=\"article\" \/>\n<meta property=\"og:title\" content=\"Prefeitura de Assis reafirma compromisso e encaminha novo Plano Diretor \u00e0 C\u00e2mara | Guia Comercial de Assis SP\" \/>\n<meta property=\"og:description\" content=\"Prefeitura de Assis reafirma compromisso com novo plano diretor enviado \u00e0 C\u00e2mara.\" \/>\n<meta property=\"og:url\" content=\"https:\/\/www.encontraassis.com.br\/guia\/prefeitura-de-assis-reafirma-compromisso-e-encaminha-novo-plano-diretor-a-camara\/\" \/>\n<meta property=\"og:site_name\" content=\"Guia Comercial de Assis SP\" \/>\n<meta property=\"article:published_time\" content=\"2026-03-23T15:14:47+00:00\" \/>\n<meta property=\"og:image\" content=\"https:\/\/www.encontraassis.com.br\/guia\/wp-content\/uploads\/2026\/03\/prefeitura-de-assis-reafirma-compromisso-e-encaminha-novo-plano-diretor-a-camara.webp\" \/>\n<meta name=\"author\" content=\"Encontra Assis\" \/>\n<meta name=\"twitter:card\" content=\"summary_large_image\" \/>\n<meta name=\"twitter:label1\" content=\"Escrito por\" \/>\n\t<meta name=\"twitter:data1\" content=\"Encontra Assis\" \/>\n\t<meta name=\"twitter:label2\" content=\"Est. tempo de leitura\" \/>\n\t<meta name=\"twitter:data2\" content=\"3 minutos\" \/>\n<script type=\"application\/ld+json\" class=\"yoast-schema-graph\">{\"@context\":\"https:\/\/schema.org\",\"@graph\":[{\"@type\":\"WebPage\",\"@id\":\"https:\/\/www.encontraassis.com.br\/guia\/prefeitura-de-assis-reafirma-compromisso-e-encaminha-novo-plano-diretor-a-camara\/\",\"url\":\"https:\/\/www.encontraassis.com.br\/guia\/prefeitura-de-assis-reafirma-compromisso-e-encaminha-novo-plano-diretor-a-camara\/\",\"name\":\"Prefeitura de Assis reafirma compromisso e encaminha novo Plano Diretor \u00e0 C\u00e2mara | Guia Comercial de Assis SP\",\"isPartOf\":{\"@id\":\"https:\/\/www.encontraassis.com.br\/guia\/#website\"},\"primaryImageOfPage\":{\"@id\":\"https:\/\/www.encontraassis.com.br\/guia\/prefeitura-de-assis-reafirma-compromisso-e-encaminha-novo-plano-diretor-a-camara\/#primaryimage\"},\"image\":{\"@id\":\"https:\/\/www.encontraassis.com.br\/guia\/prefeitura-de-assis-reafirma-compromisso-e-encaminha-novo-plano-diretor-a-camara\/#primaryimage\"},\"thumbnailUrl\":\"https:\/\/www.encontraassis.com.br\/guia\/wp-content\/uploads\/2026\/03\/prefeitura-de-assis-reafirma-compromisso-e-encaminha-novo-plano-diretor-a-camara.webp\",\"datePublished\":\"2026-03-23T15:14:47+00:00\",\"author\":{\"@id\":\"https:\/\/www.encontraassis.com.br\/guia\/#\/schema\/person\/05eae637c8b283c24716ab905641bc4c\"},\"inLanguage\":\"pt-BR\",\"potentialAction\":[{\"@type\":\"ReadAction\",\"target\":[\"https:\/\/www.encontraassis.com.br\/guia\/prefeitura-de-assis-reafirma-compromisso-e-encaminha-novo-plano-diretor-a-camara\/\"]}]},{\"@type\":\"ImageObject\",\"inLanguage\":\"pt-BR\",\"@id\":\"https:\/\/www.encontraassis.com.br\/guia\/prefeitura-de-assis-reafirma-compromisso-e-encaminha-novo-plano-diretor-a-camara\/#primaryimage\",\"url\":\"https:\/\/www.encontraassis.com.br\/guia\/wp-content\/uploads\/2026\/03\/prefeitura-de-assis-reafirma-compromisso-e-encaminha-novo-plano-diretor-a-camara.webp\",\"contentUrl\":\"https:\/\/www.encontraassis.com.br\/guia\/wp-content\/uploads\/2026\/03\/prefeitura-de-assis-reafirma-compromisso-e-encaminha-novo-plano-diretor-a-camara.webp\",\"width\":280,\"height\":280,\"caption\":\"Prefeitura de Assis\"},{\"@type\":\"WebSite\",\"@id\":\"https:\/\/www.encontraassis.com.br\/guia\/#website\",\"url\":\"https:\/\/www.encontraassis.com.br\/guia\/\",\"name\":\"Guia Comercial de Assis SP\",\"description\":\"ENCONTRA ASSIS - O guia comercial de neg\u00f3cios e empresas, cultura e divers\u00e3o na cidade de Assis. Feito 100% para voc\u00ea morador!\",\"potentialAction\":[{\"@type\":\"SearchAction\",\"target\":{\"@type\":\"EntryPoint\",\"urlTemplate\":\"https:\/\/www.encontraassis.com.br\/guia\/?s={search_term_string}\"},\"query-input\":{\"@type\":\"PropertyValueSpecification\",\"valueRequired\":true,\"valueName\":\"search_term_string\"}}],\"inLanguage\":\"pt-BR\"},{\"@type\":\"Person\",\"@id\":\"https:\/\/www.encontraassis.com.br\/guia\/#\/schema\/person\/05eae637c8b283c24716ab905641bc4c\",\"name\":\"Encontra Assis\",\"image\":{\"@type\":\"ImageObject\",\"inLanguage\":\"pt-BR\",\"@id\":\"https:\/\/www.encontraassis.com.br\/guia\/#\/schema\/person\/image\/\",\"url\":\"https:\/\/secure.gravatar.com\/avatar\/c50c17820bcf322f0a8fd6b110b8c0918141409dc69076470f6fca5fee70a5d4?s=96&d=mm&r=g\",\"contentUrl\":\"https:\/\/secure.gravatar.com\/avatar\/c50c17820bcf322f0a8fd6b110b8c0918141409dc69076470f6fca5fee70a5d4?s=96&d=mm&r=g\",\"caption\":\"Encontra Assis\"},\"url\":\"https:\/\/www.encontraassis.com.br\/guia\/author\/encontraassis\/\"}]}<\/script>\n<!-- \/ Yoast SEO plugin. -->","yoast_head_json":{"title":"Prefeitura de Assis reafirma compromisso e encaminha novo Plano Diretor \u00e0 C\u00e2mara | Guia Comercial de Assis SP","robots":{"index":"index","follow":"follow","max-snippet":"max-snippet:-1","max-image-preview":"max-image-preview:large","max-video-preview":"max-video-preview:-1"},"canonical":"https:\/\/www.encontraassis.com.br\/guia\/prefeitura-de-assis-reafirma-compromisso-e-encaminha-novo-plano-diretor-a-camara\/","og_locale":"pt_BR","og_type":"article","og_title":"Prefeitura de Assis reafirma compromisso e encaminha novo Plano Diretor \u00e0 C\u00e2mara | Guia Comercial de Assis SP","og_description":"Prefeitura de Assis reafirma compromisso com novo plano diretor enviado \u00e0 C\u00e2mara.","og_url":"https:\/\/www.encontraassis.com.br\/guia\/prefeitura-de-assis-reafirma-compromisso-e-encaminha-novo-plano-diretor-a-camara\/","og_site_name":"Guia Comercial de Assis SP","article_published_time":"2026-03-23T15:14:47+00:00","og_image":[{"url":"https:\/\/www.encontraassis.com.br\/guia\/wp-content\/uploads\/2026\/03\/prefeitura-de-assis-reafirma-compromisso-e-encaminha-novo-plano-diretor-a-camara.webp","type":"","width":"","height":""}],"author":"Encontra Assis","twitter_card":"summary_large_image","twitter_misc":{"Escrito por":"Encontra Assis","Est. tempo de leitura":"3 minutos"},"schema":{"@context":"https:\/\/schema.org","@graph":[{"@type":"WebPage","@id":"https:\/\/www.encontraassis.com.br\/guia\/prefeitura-de-assis-reafirma-compromisso-e-encaminha-novo-plano-diretor-a-camara\/","url":"https:\/\/www.encontraassis.com.br\/guia\/prefeitura-de-assis-reafirma-compromisso-e-encaminha-novo-plano-diretor-a-camara\/","name":"Prefeitura de Assis reafirma compromisso e encaminha novo Plano Diretor \u00e0 C\u00e2mara | Guia Comercial de Assis SP","isPartOf":{"@id":"https:\/\/www.encontraassis.com.br\/guia\/#website"},"primaryImageOfPage":{"@id":"https:\/\/www.encontraassis.com.br\/guia\/prefeitura-de-assis-reafirma-compromisso-e-encaminha-novo-plano-diretor-a-camara\/#primaryimage"},"image":{"@id":"https:\/\/www.encontraassis.com.br\/guia\/prefeitura-de-assis-reafirma-compromisso-e-encaminha-novo-plano-diretor-a-camara\/#primaryimage"},"thumbnailUrl":"https:\/\/www.encontraassis.com.br\/guia\/wp-content\/uploads\/2026\/03\/prefeitura-de-assis-reafirma-compromisso-e-encaminha-novo-plano-diretor-a-camara.webp","datePublished":"2026-03-23T15:14:47+00:00","author":{"@id":"https:\/\/www.encontraassis.com.br\/guia\/#\/schema\/person\/05eae637c8b283c24716ab905641bc4c"},"inLanguage":"pt-BR","potentialAction":[{"@type":"ReadAction","target":["https:\/\/www.encontraassis.com.br\/guia\/prefeitura-de-assis-reafirma-compromisso-e-encaminha-novo-plano-diretor-a-camara\/"]}]},{"@type":"ImageObject","inLanguage":"pt-BR","@id":"https:\/\/www.encontraassis.com.br\/guia\/prefeitura-de-assis-reafirma-compromisso-e-encaminha-novo-plano-diretor-a-camara\/#primaryimage","url":"https:\/\/www.encontraassis.com.br\/guia\/wp-content\/uploads\/2026\/03\/prefeitura-de-assis-reafirma-compromisso-e-encaminha-novo-plano-diretor-a-camara.webp","contentUrl":"https:\/\/www.encontraassis.com.br\/guia\/wp-content\/uploads\/2026\/03\/prefeitura-de-assis-reafirma-compromisso-e-encaminha-novo-plano-diretor-a-camara.webp","width":280,"height":280,"caption":"Prefeitura de Assis"},{"@type":"WebSite","@id":"https:\/\/www.encontraassis.com.br\/guia\/#website","url":"https:\/\/www.encontraassis.com.br\/guia\/","name":"Guia Comercial de Assis SP","description":"ENCONTRA ASSIS - O guia comercial de neg\u00f3cios e empresas, cultura e divers\u00e3o na cidade de Assis. Feito 100% para voc\u00ea morador!","potentialAction":[{"@type":"SearchAction","target":{"@type":"EntryPoint","urlTemplate":"https:\/\/www.encontraassis.com.br\/guia\/?s={search_term_string}"},"query-input":{"@type":"PropertyValueSpecification","valueRequired":true,"valueName":"search_term_string"}}],"inLanguage":"pt-BR"},{"@type":"Person","@id":"https:\/\/www.encontraassis.com.br\/guia\/#\/schema\/person\/05eae637c8b283c24716ab905641bc4c","name":"Encontra Assis","image":{"@type":"ImageObject","inLanguage":"pt-BR","@id":"https:\/\/www.encontraassis.com.br\/guia\/#\/schema\/person\/image\/","url":"https:\/\/secure.gravatar.com\/avatar\/c50c17820bcf322f0a8fd6b110b8c0918141409dc69076470f6fca5fee70a5d4?s=96&d=mm&r=g","contentUrl":"https:\/\/secure.gravatar.com\/avatar\/c50c17820bcf322f0a8fd6b110b8c0918141409dc69076470f6fca5fee70a5d4?s=96&d=mm&r=g","caption":"Encontra Assis"},"url":"https:\/\/www.encontraassis.com.br\/guia\/author\/encontraassis\/"}]}},"_links":{"self":[{"href":"https:\/\/www.encontraassis.com.br\/guia\/wp-json\/wp\/v2\/posts\/5172","targetHints":{"allow":["GET"]}}],"collection":[{"href":"https:\/\/www.encontraassis.com.br\/guia\/wp-json\/wp\/v2\/posts"}],"about":[{"href":"https:\/\/www.encontraassis.com.br\/guia\/wp-json\/wp\/v2\/types\/post"}],"author":[{"embeddable":true,"href":"https:\/\/www.encontraassis.com.br\/guia\/wp-json\/wp\/v2\/users\/1"}],"replies":[{"embeddable":true,"href":"https:\/\/www.encontraassis.com.br\/guia\/wp-json\/wp\/v2\/comments?post=5172"}],"version-history":[{"count":0,"href":"https:\/\/www.encontraassis.com.br\/guia\/wp-json\/wp\/v2\/posts\/5172\/revisions"}],"wp:featuredmedia":[{"embeddable":true,"href":"https:\/\/www.encontraassis.com.br\/guia\/wp-json\/wp\/v2\/media\/5171"}],"wp:attachment":[{"href":"https:\/\/www.encontraassis.com.br\/guia\/wp-json\/wp\/v2\/media?parent=5172"}],"wp:term":[{"taxonomy":"category","embeddable":true,"href":"https:\/\/www.encontraassis.com.br\/guia\/wp-json\/wp\/v2\/categories?post=5172"},{"taxonomy":"post_tag","embeddable":true,"href":"https:\/\/www.encontraassis.com.br\/guia\/wp-json\/wp\/v2\/tags?post=5172"}],"curies":[{"name":"wp","href":"https:\/\/api.w.org\/{rel}","templated":true}]}}