{"id":5204,"date":"2026-03-29T12:08:55","date_gmt":"2026-03-29T15:08:55","guid":{"rendered":"https:\/\/www.encontraassis.com.br\/guia\/assis-deve-ter-um-dia-com-sol-entre-poucas-nuvens-neste-domingo-29\/"},"modified":"2026-03-29T12:08:55","modified_gmt":"2026-03-29T15:08:55","slug":"assis-deve-ter-um-dia-com-sol-entre-poucas-nuvens-neste-domingo-29","status":"publish","type":"post","link":"https:\/\/www.encontraassis.com.br\/guia\/assis-deve-ter-um-dia-com-sol-entre-poucas-nuvens-neste-domingo-29\/","title":{"rendered":"Assis deve ter um dia com sol entre poucas nuvens neste domingo (29)"},"content":{"rendered":"<h2>Temperaturas Vari\u00e1veis Durante o Dia<\/h2>\n<p>No pr\u00f3ximo domingo (29), Assis, localizada no estado de S\u00e3o Paulo, se apresentar\u00e1 com um clima agrad\u00e1vel, variando as temperaturas entre <strong>19\u00b0C e 33\u00b0C<\/strong>. O in\u00edcio da manh\u00e3 come\u00e7ar\u00e1 com a temperatura amena, ideal para atividades ao ar livre, e ao longo do dia os term\u00f4metros poder\u00e3o atingir a m\u00e1xima esperada.<\/p>\n<p>A previs\u00e3o indica que pela manh\u00e3 os term\u00f4metros estar\u00e3o em torno de <strong>19\u00b0C<\/strong>, proporcionando um conforto ideal. \u00c0 medida que o dia avan\u00e7a, especialmente no per\u00edodo da tarde, a temperatura pode subir, eventualmente alcan\u00e7ando <strong>33\u00b0C<\/strong>, o que caracteriza um dia mais quente e ensolarado.<\/p>\n<h2>Umidade Relativa do Ar em Assis<\/h2>\n<p>A umidade relativa do ar ao longo do dia dever\u00e1 fluctuar consideravelmente. Pela manh\u00e3, a umidade pode atingir n\u00edveis de at\u00e9 <strong>90%<\/strong>, criando um ambiente um pouco mais abafado, por\u00e9m confort\u00e1vel. Contudo, durante a tarde, a tend\u00eancia \u00e9 que a umidade diminua, alcan\u00e7ando valores em torno de <strong>40%<\/strong> durante os per\u00edodos de maior calor, favorecendo a sensa\u00e7\u00e3o de secura.<\/p>\n<p><img decoding=\"async\" src=\"https:\/\/www.encontraassis.com.br\/guia\/wp-content\/uploads\/2026\/03\/assis-deve-ter-um-dia-com-sol-entre-poucas-nuvens-neste-domingo-29.webp\" alt=\"Assis deve ter um dia com sol entre poucas nuvens\" loading=\"lazy\" \/><\/p>\n<h2>Ventos Predominantes e Seu Impacto<\/h2>\n<p>Os ventos em Assis s\u00e3o previstos como predominantemente fracos, soprando na dire\u00e7\u00e3o sul-sudeste durante todo o dia. Com isso, a brisa pode ajudar a amenizar a sensa\u00e7\u00e3o t\u00e9rmica nos momentos mais quentes. O nascer do sol est\u00e1 previsto para \u00e0s <strong>06h29<\/strong>, enquanto o p\u00f4r do sol ocorrer\u00e1 \u00e0s <strong>18h26<\/strong>, proporcionando uma longa extens\u00e3o de luz solar.<\/p>\n<h2>Expectativas para o Amanh\u00e3<\/h2>\n<p>Para o dia seguinte, os moradores de Assis devem se preparar para um dia ensolarado pela manh\u00e3, permitindo atividades externas. Contudo, as previs\u00f5es indicam que o clima ficar\u00e1 mais fechado \u00e0 tarde e \u00e0 noite, com temperaturas variando entre <strong>19\u00b0C e 33\u00b0C<\/strong>. Um dia que come\u00e7a lindo, mas que pode mudar conforme avan\u00e7a.<\/p>\n<h2>Previs\u00e3o para os Pr\u00f3ximos Dias<\/h2>\n<ul>\n<li><strong>Ter\u00e7a-feira (31\/03\/2026):<\/strong> Temperaturas de <strong>21\u00b0C a 29\u00b0C<\/strong> e c\u00e9u muito nublado, com probabilidade de tempestades localizadas.<\/li>\n<li><strong>Quarta-feira (01\/04\/2026):<\/strong> Com temperaturas entre <strong>21\u00b0C e 31\u00b0C<\/strong>, a previs\u00e3o indica c\u00e9u nublado com pancadas r\u00e1pidas de chuva.<\/li>\n<li><strong>Quinta-feira (02\/04\/2026):<\/strong> O dia ser\u00e1 \u00famido, com temperaturas variando entre <strong>21\u00b0C a 30\u00b0C<\/strong>.<\/li>\n<\/ul>\n<h2>Dicas para Aproveitar o Dia Ensolarado<\/h2>\n<p>Com a previs\u00e3o de um dia ensolarado, aqui v\u00e3o algumas dicas para aproveitar ao m\u00e1ximo:<\/p>\n<ul>\n<li><strong>Protetor Solar:<\/strong> N\u00e3o esque\u00e7a de aplicar protetor solar, especialmente se planeja ficar ao ar livre por longos per\u00edodos.<\/li>\n<li><strong>Hidrata\u00e7\u00e3o:<\/strong> Beba bastante \u00e1gua para se manter hidratado durante o calor.<\/li>\n<li><strong>Roupas Leves:<\/strong> Opte por roupas frescas e leves que permitam a circula\u00e7\u00e3o de ar.<\/li>\n<li><strong>Atividades ao Ar Livre:<\/strong> Seja piquenique, caminhada ou um passeio no parque, aproveite para estar em contato com a natureza.<\/li>\n<\/ul>\n<h2>Import\u00e2ncia de Acompanhar a Previs\u00e3o do Tempo<\/h2>\n<p>Acompanhar a previs\u00e3o do tempo \u00e9 crucial, n\u00e3o apenas para programar atividades di\u00e1rias, mas tamb\u00e9m para se preparar para mudan\u00e7as clim\u00e1ticas que podem ocorrer. Isso ajuda a evitar surpresas indesejadas, como chuvas inesperadas ou calor excessivo. Neste caso, a previs\u00e3o de tempo pode oferecer dicas valiosas para diferentes planos.<\/p>\n<h2>Atividades ao Ar Livre em Assis<\/h2>\n<p>Assis possui v\u00e1rias op\u00e7\u00f5es para quem deseja realizar atividades ao ar livre:<\/p>\n<ul>\n<li><strong>Parques:<\/strong> Visite parques locais, onde voc\u00ea pode caminhar, correr ou relaxar em um ambiente tranquilo.<\/li>\n<li><strong>Ciclismo:<\/strong> Aproveite para andar de bicicleta em \u00e1reas apropriadas, conhecendo melhor a cidade.<\/li>\n<li><strong>Piqueniques:<\/strong> Organize um piquenique com amigos ou fam\u00edlia em um espa\u00e7o verde.<\/li>\n<\/ul>\n<h2>Rela\u00e7\u00e3o entre Clima e Bem-Estar<\/h2>\n<p>O clima pode ter um impacto significativo em nosso bem-estar f\u00edsico e mental. Dias ensolarados geralmente estimulam a produ\u00e7\u00e3o de serotonina, neurotransmissor associado a sentimentos de felicidade. Por isso, aproveitar o sol com modera\u00e7\u00e3o pode ser ben\u00e9fico n\u00e3o s\u00f3 para a sa\u00fade f\u00edsica, mas tamb\u00e9m para a sa\u00fade mental.<\/p>\n<h2>Como a Temperatura Afeta o Dia a Dia<\/h2>\n<p>A temperatura pode influenciar diversas \u00e1reas do nosso cotidiano. Desde a forma como escolhemos nos vestir at\u00e9 as atividades que decidimos realizar, seu impacto \u00e9 not\u00e1vel. Em dias quentes, \u00e9 comum que as pessoas busquem ambientes mais frescos e ajustem suas rotinas para evitar desconfortos relacionados ao calor.<\/p>\n","protected":false},"excerpt":{"rendered":"<p>Assis ter\u00e1 um domingo ensolarado com temperaturas entre 19\u00b0C e 33\u00b0C.<\/p>\n","protected":false},"author":1,"featured_media":5203,"comment_status":"open","ping_status":"open","sticky":false,"template":"","format":"standard","meta":{"footnotes":""},"categories":[5],"tags":[],"class_list":["post-5204","post","type-post","status-publish","format-standard","has-post-thumbnail","hentry","category-noticias","has_thumb"],"yoast_head":"<!-- This site is optimized with the Yoast SEO plugin v26.4 - https:\/\/yoast.com\/wordpress\/plugins\/seo\/ -->\n<title>Assis deve ter um dia com sol entre poucas nuvens neste domingo (29) | Guia Comercial de Assis SP<\/title>\n<meta name=\"robots\" content=\"index, follow, max-snippet:-1, max-image-preview:large, max-video-preview:-1\" \/>\n<link rel=\"canonical\" href=\"https:\/\/www.encontraassis.com.br\/guia\/assis-deve-ter-um-dia-com-sol-entre-poucas-nuvens-neste-domingo-29\/\" \/>\n<meta property=\"og:locale\" content=\"pt_BR\" \/>\n<meta property=\"og:type\" content=\"article\" \/>\n<meta property=\"og:title\" content=\"Assis deve ter um dia com sol entre poucas nuvens neste domingo (29) | Guia Comercial de Assis SP\" \/>\n<meta property=\"og:description\" content=\"Assis ter\u00e1 um domingo ensolarado com temperaturas entre 19\u00b0C e 33\u00b0C.\" \/>\n<meta property=\"og:url\" content=\"https:\/\/www.encontraassis.com.br\/guia\/assis-deve-ter-um-dia-com-sol-entre-poucas-nuvens-neste-domingo-29\/\" \/>\n<meta property=\"og:site_name\" content=\"Guia Comercial de Assis SP\" \/>\n<meta property=\"article:published_time\" content=\"2026-03-29T15:08:55+00:00\" \/>\n<meta property=\"og:image\" content=\"https:\/\/www.encontraassis.com.br\/guia\/wp-content\/uploads\/2026\/03\/assis-deve-ter-um-dia-com-sol-entre-poucas-nuvens-neste-domingo-29.webp\" \/>\n<meta name=\"author\" content=\"Encontra Assis\" \/>\n<meta name=\"twitter:card\" content=\"summary_large_image\" \/>\n<meta name=\"twitter:label1\" content=\"Escrito por\" \/>\n\t<meta name=\"twitter:data1\" content=\"Encontra Assis\" \/>\n\t<meta name=\"twitter:label2\" content=\"Est. tempo de leitura\" \/>\n\t<meta name=\"twitter:data2\" content=\"3 minutos\" \/>\n<script type=\"application\/ld+json\" class=\"yoast-schema-graph\">{\"@context\":\"https:\/\/schema.org\",\"@graph\":[{\"@type\":\"WebPage\",\"@id\":\"https:\/\/www.encontraassis.com.br\/guia\/assis-deve-ter-um-dia-com-sol-entre-poucas-nuvens-neste-domingo-29\/\",\"url\":\"https:\/\/www.encontraassis.com.br\/guia\/assis-deve-ter-um-dia-com-sol-entre-poucas-nuvens-neste-domingo-29\/\",\"name\":\"Assis deve ter um dia com sol entre poucas nuvens neste domingo (29) | Guia Comercial de Assis SP\",\"isPartOf\":{\"@id\":\"https:\/\/www.encontraassis.com.br\/guia\/#website\"},\"primaryImageOfPage\":{\"@id\":\"https:\/\/www.encontraassis.com.br\/guia\/assis-deve-ter-um-dia-com-sol-entre-poucas-nuvens-neste-domingo-29\/#primaryimage\"},\"image\":{\"@id\":\"https:\/\/www.encontraassis.com.br\/guia\/assis-deve-ter-um-dia-com-sol-entre-poucas-nuvens-neste-domingo-29\/#primaryimage\"},\"thumbnailUrl\":\"https:\/\/www.encontraassis.com.br\/guia\/wp-content\/uploads\/2026\/03\/assis-deve-ter-um-dia-com-sol-entre-poucas-nuvens-neste-domingo-29.webp\",\"datePublished\":\"2026-03-29T15:08:55+00:00\",\"author\":{\"@id\":\"https:\/\/www.encontraassis.com.br\/guia\/#\/schema\/person\/05eae637c8b283c24716ab905641bc4c\"},\"inLanguage\":\"pt-BR\",\"potentialAction\":[{\"@type\":\"ReadAction\",\"target\":[\"https:\/\/www.encontraassis.com.br\/guia\/assis-deve-ter-um-dia-com-sol-entre-poucas-nuvens-neste-domingo-29\/\"]}]},{\"@type\":\"ImageObject\",\"inLanguage\":\"pt-BR\",\"@id\":\"https:\/\/www.encontraassis.com.br\/guia\/assis-deve-ter-um-dia-com-sol-entre-poucas-nuvens-neste-domingo-29\/#primaryimage\",\"url\":\"https:\/\/www.encontraassis.com.br\/guia\/wp-content\/uploads\/2026\/03\/assis-deve-ter-um-dia-com-sol-entre-poucas-nuvens-neste-domingo-29.webp\",\"contentUrl\":\"https:\/\/www.encontraassis.com.br\/guia\/wp-content\/uploads\/2026\/03\/assis-deve-ter-um-dia-com-sol-entre-poucas-nuvens-neste-domingo-29.webp\",\"width\":280,\"height\":280,\"caption\":\"Assis deve ter um dia com sol entre poucas nuvens\"},{\"@type\":\"WebSite\",\"@id\":\"https:\/\/www.encontraassis.com.br\/guia\/#website\",\"url\":\"https:\/\/www.encontraassis.com.br\/guia\/\",\"name\":\"Guia Comercial de Assis SP\",\"description\":\"ENCONTRA ASSIS - O guia comercial de neg\u00f3cios e empresas, cultura e divers\u00e3o na cidade de Assis. Feito 100% para voc\u00ea morador!\",\"potentialAction\":[{\"@type\":\"SearchAction\",\"target\":{\"@type\":\"EntryPoint\",\"urlTemplate\":\"https:\/\/www.encontraassis.com.br\/guia\/?s={search_term_string}\"},\"query-input\":{\"@type\":\"PropertyValueSpecification\",\"valueRequired\":true,\"valueName\":\"search_term_string\"}}],\"inLanguage\":\"pt-BR\"},{\"@type\":\"Person\",\"@id\":\"https:\/\/www.encontraassis.com.br\/guia\/#\/schema\/person\/05eae637c8b283c24716ab905641bc4c\",\"name\":\"Encontra Assis\",\"image\":{\"@type\":\"ImageObject\",\"inLanguage\":\"pt-BR\",\"@id\":\"https:\/\/www.encontraassis.com.br\/guia\/#\/schema\/person\/image\/\",\"url\":\"https:\/\/secure.gravatar.com\/avatar\/c50c17820bcf322f0a8fd6b110b8c0918141409dc69076470f6fca5fee70a5d4?s=96&d=mm&r=g\",\"contentUrl\":\"https:\/\/secure.gravatar.com\/avatar\/c50c17820bcf322f0a8fd6b110b8c0918141409dc69076470f6fca5fee70a5d4?s=96&d=mm&r=g\",\"caption\":\"Encontra Assis\"},\"url\":\"https:\/\/www.encontraassis.com.br\/guia\/author\/encontraassis\/\"}]}<\/script>\n<!-- \/ Yoast SEO plugin. -->","yoast_head_json":{"title":"Assis deve ter um dia com sol entre poucas nuvens neste domingo (29) | Guia Comercial de Assis SP","robots":{"index":"index","follow":"follow","max-snippet":"max-snippet:-1","max-image-preview":"max-image-preview:large","max-video-preview":"max-video-preview:-1"},"canonical":"https:\/\/www.encontraassis.com.br\/guia\/assis-deve-ter-um-dia-com-sol-entre-poucas-nuvens-neste-domingo-29\/","og_locale":"pt_BR","og_type":"article","og_title":"Assis deve ter um dia com sol entre poucas nuvens neste domingo (29) | Guia Comercial de Assis SP","og_description":"Assis ter\u00e1 um domingo ensolarado com temperaturas entre 19\u00b0C e 33\u00b0C.","og_url":"https:\/\/www.encontraassis.com.br\/guia\/assis-deve-ter-um-dia-com-sol-entre-poucas-nuvens-neste-domingo-29\/","og_site_name":"Guia Comercial de Assis SP","article_published_time":"2026-03-29T15:08:55+00:00","og_image":[{"url":"https:\/\/www.encontraassis.com.br\/guia\/wp-content\/uploads\/2026\/03\/assis-deve-ter-um-dia-com-sol-entre-poucas-nuvens-neste-domingo-29.webp","type":"","width":"","height":""}],"author":"Encontra Assis","twitter_card":"summary_large_image","twitter_misc":{"Escrito por":"Encontra Assis","Est. tempo de leitura":"3 minutos"},"schema":{"@context":"https:\/\/schema.org","@graph":[{"@type":"WebPage","@id":"https:\/\/www.encontraassis.com.br\/guia\/assis-deve-ter-um-dia-com-sol-entre-poucas-nuvens-neste-domingo-29\/","url":"https:\/\/www.encontraassis.com.br\/guia\/assis-deve-ter-um-dia-com-sol-entre-poucas-nuvens-neste-domingo-29\/","name":"Assis deve ter um dia com sol entre poucas nuvens neste domingo (29) | Guia Comercial de Assis SP","isPartOf":{"@id":"https:\/\/www.encontraassis.com.br\/guia\/#website"},"primaryImageOfPage":{"@id":"https:\/\/www.encontraassis.com.br\/guia\/assis-deve-ter-um-dia-com-sol-entre-poucas-nuvens-neste-domingo-29\/#primaryimage"},"image":{"@id":"https:\/\/www.encontraassis.com.br\/guia\/assis-deve-ter-um-dia-com-sol-entre-poucas-nuvens-neste-domingo-29\/#primaryimage"},"thumbnailUrl":"https:\/\/www.encontraassis.com.br\/guia\/wp-content\/uploads\/2026\/03\/assis-deve-ter-um-dia-com-sol-entre-poucas-nuvens-neste-domingo-29.webp","datePublished":"2026-03-29T15:08:55+00:00","author":{"@id":"https:\/\/www.encontraassis.com.br\/guia\/#\/schema\/person\/05eae637c8b283c24716ab905641bc4c"},"inLanguage":"pt-BR","potentialAction":[{"@type":"ReadAction","target":["https:\/\/www.encontraassis.com.br\/guia\/assis-deve-ter-um-dia-com-sol-entre-poucas-nuvens-neste-domingo-29\/"]}]},{"@type":"ImageObject","inLanguage":"pt-BR","@id":"https:\/\/www.encontraassis.com.br\/guia\/assis-deve-ter-um-dia-com-sol-entre-poucas-nuvens-neste-domingo-29\/#primaryimage","url":"https:\/\/www.encontraassis.com.br\/guia\/wp-content\/uploads\/2026\/03\/assis-deve-ter-um-dia-com-sol-entre-poucas-nuvens-neste-domingo-29.webp","contentUrl":"https:\/\/www.encontraassis.com.br\/guia\/wp-content\/uploads\/2026\/03\/assis-deve-ter-um-dia-com-sol-entre-poucas-nuvens-neste-domingo-29.webp","width":280,"height":280,"caption":"Assis deve ter um dia com sol entre poucas nuvens"},{"@type":"WebSite","@id":"https:\/\/www.encontraassis.com.br\/guia\/#website","url":"https:\/\/www.encontraassis.com.br\/guia\/","name":"Guia Comercial de Assis SP","description":"ENCONTRA ASSIS - O guia comercial de neg\u00f3cios e empresas, cultura e divers\u00e3o na cidade de Assis. Feito 100% para voc\u00ea morador!","potentialAction":[{"@type":"SearchAction","target":{"@type":"EntryPoint","urlTemplate":"https:\/\/www.encontraassis.com.br\/guia\/?s={search_term_string}"},"query-input":{"@type":"PropertyValueSpecification","valueRequired":true,"valueName":"search_term_string"}}],"inLanguage":"pt-BR"},{"@type":"Person","@id":"https:\/\/www.encontraassis.com.br\/guia\/#\/schema\/person\/05eae637c8b283c24716ab905641bc4c","name":"Encontra Assis","image":{"@type":"ImageObject","inLanguage":"pt-BR","@id":"https:\/\/www.encontraassis.com.br\/guia\/#\/schema\/person\/image\/","url":"https:\/\/secure.gravatar.com\/avatar\/c50c17820bcf322f0a8fd6b110b8c0918141409dc69076470f6fca5fee70a5d4?s=96&d=mm&r=g","contentUrl":"https:\/\/secure.gravatar.com\/avatar\/c50c17820bcf322f0a8fd6b110b8c0918141409dc69076470f6fca5fee70a5d4?s=96&d=mm&r=g","caption":"Encontra Assis"},"url":"https:\/\/www.encontraassis.com.br\/guia\/author\/encontraassis\/"}]}},"_links":{"self":[{"href":"https:\/\/www.encontraassis.com.br\/guia\/wp-json\/wp\/v2\/posts\/5204","targetHints":{"allow":["GET"]}}],"collection":[{"href":"https:\/\/www.encontraassis.com.br\/guia\/wp-json\/wp\/v2\/posts"}],"about":[{"href":"https:\/\/www.encontraassis.com.br\/guia\/wp-json\/wp\/v2\/types\/post"}],"author":[{"embeddable":true,"href":"https:\/\/www.encontraassis.com.br\/guia\/wp-json\/wp\/v2\/users\/1"}],"replies":[{"embeddable":true,"href":"https:\/\/www.encontraassis.com.br\/guia\/wp-json\/wp\/v2\/comments?post=5204"}],"version-history":[{"count":0,"href":"https:\/\/www.encontraassis.com.br\/guia\/wp-json\/wp\/v2\/posts\/5204\/revisions"}],"wp:featuredmedia":[{"embeddable":true,"href":"https:\/\/www.encontraassis.com.br\/guia\/wp-json\/wp\/v2\/media\/5203"}],"wp:attachment":[{"href":"https:\/\/www.encontraassis.com.br\/guia\/wp-json\/wp\/v2\/media?parent=5204"}],"wp:term":[{"taxonomy":"category","embeddable":true,"href":"https:\/\/www.encontraassis.com.br\/guia\/wp-json\/wp\/v2\/categories?post=5204"},{"taxonomy":"post_tag","embeddable":true,"href":"https:\/\/www.encontraassis.com.br\/guia\/wp-json\/wp\/v2\/tags?post=5204"}],"curies":[{"name":"wp","href":"https:\/\/api.w.org\/{rel}","templated":true}]}}