{"id":5328,"date":"2026-04-25T12:20:00","date_gmt":"2026-04-25T15:20:00","guid":{"rendered":"https:\/\/www.encontraassis.com.br\/guia\/assis-deve-ter-um-dia-de-ceu-nublado-neste-sabado-25\/"},"modified":"2026-04-25T12:20:00","modified_gmt":"2026-04-25T15:20:00","slug":"assis-deve-ter-um-dia-de-ceu-nublado-neste-sabado-25","status":"publish","type":"post","link":"https:\/\/www.encontraassis.com.br\/guia\/assis-deve-ter-um-dia-de-ceu-nublado-neste-sabado-25\/","title":{"rendered":"Assis deve ter um dia de c\u00e9u nublado neste s\u00e1bado (25)"},"content":{"rendered":"<h2>Previs\u00e3o do Tempo para Assis<\/h2>\n<p>No dia 25 de abril de 2026, Assis ter\u00e1 um clima predominantemente nublado, com temperaturas variando entre 23\u00b0C e 34\u00b0C. Esse dia promete ser caracterizado por uma cobertura de nuvens, conforme indicam as previs\u00f5es do Instituto Nacional de Meteorologia (INMET), permitindo um entendimento melhor sobre as condi\u00e7\u00f5es clim\u00e1ticas que precisam ser consideradas em sua rotina.<\/p>\n<h2>Como ser\u00e1 o tempo durante o dia em Assis?<\/h2>\n<p>O dia em Assis ter\u00e1 um in\u00edcio ameno, com temperaturas em torno de 23\u00b0C durante as primeiras horas da madrugada. \u00c0 medida que o dia avan\u00e7a, as temperaturas ter\u00e3o uma leve eleva\u00e7\u00e3o, atingindo um pico de 34\u00b0C nas horas mais quentes da tarde. No entanto, \u00e0 noite, espera-se que as temperaturas voltem a permanecer em torno de 23\u00b0C, proporcionando um fechamento tranquilo do dia.<\/p>\n<h2>Temperaturas esperadas para os pr\u00f3ximos dias em Assis<\/h2>\n<p>A previs\u00e3o para os dias seguintes demonstra varia\u00e7\u00f5es que os moradores devem ficar atentos:<\/p>\n<p><img decoding=\"async\" src=\"https:\/\/www.encontraassis.com.br\/guia\/wp-content\/uploads\/2026\/04\/assis-deve-ter-um-dia-de-ceu-nublado-neste-sabado-25.webp\" alt=\"Assis\" loading=\"lazy\" \/><\/p>\n<ul>\n<li><strong>Dia 26 de abril:<\/strong> Espera-se um dia ensolarado pela manh\u00e3, mas nublado \u00e0 tarde e \u00e0 noite, com temperaturas entre 23\u00b0C e 35\u00b0C.<\/li>\n<li><strong>Segunda-feira (27\/04\/2026):<\/strong> Os term\u00f4metros devem variar de 23\u00b0C a 34\u00b0C, com chances de chuvas r\u00e1pidas.<\/li>\n<li><strong>Ter\u00e7a-feira (28\/04\/2026):<\/strong> A previs\u00e3o \u00e9 de um dia muito nublado, com possibilidades de chuvas localizadas, com temperaturas entre 21\u00b0C e 33\u00b0C.<\/li>\n<li><strong>Quarta-feira (29\/04\/2026):<\/strong> O c\u00e9u permanecer\u00e1 nublado, com m\u00e1xima variando de 21\u00b0C a 35\u00b0C.<\/li>\n<\/ul>\n<h2>Umidade relativa do ar em Assis<\/h2>\n<p>A umidade relativa do ar em Assis dever\u00e1 apresentar flutua\u00e7\u00f5es ao longo do dia. O n\u00edvel de umidade deve atingir at\u00e9 60% durante a manh\u00e3 e cair para 30% nos momentos mais secos, especialmente \u00e0 tarde, quando a temperatura se eleva. Essa mudan\u00e7a de umidade pode influenciar a sensa\u00e7\u00e3o t\u00e9rmica, tornando o calor mais intenso \u00e0 medida que o dia avan\u00e7a.<\/p>\n<h2>Dire\u00e7\u00e3o e intensidade do vento em Assis<\/h2>\n<p>Os ventos em Assis n\u00e3o ser\u00e3o muito intensos, mantendo uma velocidade predominantemente baixa. Soprando de noroeste para norte, a dire\u00e7\u00e3o do vento permitir\u00e1 temperaturas est\u00e1veis durante o dia, com o nascer do sol ocorrendo \u00e0s 06h39 e o p\u00f4r do sol \u00e0s 18h02. Essa brisa leve pode proporcionar um al\u00edvio em meio ao calor intenso das horas centrais do dia.<\/p>\n<h2>Dicas para aproveitar o dia nublado<\/h2>\n<p>Mesmo que a previs\u00e3o aponte um dia nublado, \u00e9 poss\u00edvel aproveitar bem a jornada. Aqui est\u00e3o algumas sugest\u00f5es:<\/p>\n<ul>\n<li><strong>Passeios em ambientes internos:<\/strong> Museus, shoppings ou caf\u00e9s podem ser excelentes op\u00e7\u00f5es para desfrutar o dia.<\/li>\n<li><strong>Pr\u00e1ticas de atividades f\u00edsicas:<\/strong> Uma caminhada em parques ou at\u00e9 mesmo um exerc\u00edcio leve ao ar livre pode ser revigorante.<\/li>\n<li><strong>Leitura ou hobbies:<\/strong> Tire um tempo para ler um bom livro ou praticar um hobby relaxante.<\/li>\n<\/ul>\n<h2>Comparativo com dias ensolarados<\/h2>\n<p>Nos dias ensolarados, a cidade de Assis costuma exibir um c\u00e9u limpo, com temperaturas superiores a 30\u00b0C durante a tarde, o que resulta em um aumento na sensa\u00e7\u00e3o de calor. Contudo, os dias nublados como o previsto para o dia 25 tendem a oferecer um al\u00edvio do calor intenso, trazendo uma atmosfera mais fresca e amena, que pode agradar a muitos, especialmente aqueles que n\u00e3o apreciam temperaturas muito elevadas.<\/p>\n<h2>Vestimenta ideal para o clima<\/h2>\n<p>A vestimenta ideal para o dia nublado em Assis deve equilibrar conforto e prote\u00e7\u00e3o. Aqui algumas sugest\u00f5es:<\/p>\n<ul>\n<li><strong>Roupas leves:<\/strong> Devido \u00e0s altas temperaturas esperadas, opte por tecidos leves e arejados, que permitem uma boa circula\u00e7\u00e3o de ar.<\/li>\n<li><strong>Camadas:<\/strong> Leve uma jaqueta ou cardigan para o caso de o vento se intensificar ou a temperatura cair.<\/li>\n<li><strong>Acess\u00f3rios:<\/strong> Um chap\u00e9u ou bon\u00e9 e \u00f3culos de sol podem ainda ser \u00fateis para proteger-se da eventual incid\u00eancia de sol.<\/li>\n<\/ul>\n<h2>Possibilidade de chuvas r\u00e1pidas<\/h2>\n<p>Embora o dia em Assis tenha a previs\u00e3o principal de ser nublado, h\u00e1 a possibilidade de chuvas r\u00e1pidas, especialmente entre a tarde e a noite. \u00c9 aconselh\u00e1vel que os moradores estejam preparados, levando um guarda-chuva ou capa de chuva, caso decidam sair.<\/p>\n<h2>Como isso influenciar\u00e1 o dia a dia da cidade?<\/h2>\n<p>O clima nublado pode afetar as atividades ao ar livre, como feiras e eventos esportivos, devido \u00e0s condi\u00e7\u00f5es clim\u00e1ticas. Contudo, \u00e9 uma boa oportunidade para atividades internas, como visitas a museus ou participa\u00e7\u00e3o em encontros sociais em estabelecimentos. O movimento no com\u00e9rcio local pode ser parcialmente impactado pela hesita\u00e7\u00e3o dos frequentadores em sair, mas ao mesmo tempo, proporciona um al\u00edvio em rela\u00e7\u00e3o ao calor excessivo.<\/p>\n<p>Com essas informa\u00e7\u00f5es, a popula\u00e7\u00e3o de Assis pode planejar seu dia da melhor forma, aproveitando as oportunidades que um dia nublado pode oferecer.<\/p>\n","protected":false},"excerpt":{"rendered":"<p>Assis ter\u00e1 um dia nublado com temperaturas entre 23\u00b0C e 34\u00b0C.<\/p>\n","protected":false},"author":1,"featured_media":5327,"comment_status":"open","ping_status":"open","sticky":false,"template":"","format":"standard","meta":{"footnotes":""},"categories":[5],"tags":[],"class_list":["post-5328","post","type-post","status-publish","format-standard","has-post-thumbnail","hentry","category-noticias","has_thumb"],"yoast_head":"<!-- This site is optimized with the Yoast SEO plugin v26.4 - https:\/\/yoast.com\/wordpress\/plugins\/seo\/ -->\n<title>Assis deve ter um dia de c\u00e9u nublado neste s\u00e1bado (25) | Guia Comercial de Assis SP<\/title>\n<meta name=\"robots\" content=\"index, follow, max-snippet:-1, max-image-preview:large, max-video-preview:-1\" \/>\n<link rel=\"canonical\" href=\"https:\/\/www.encontraassis.com.br\/guia\/assis-deve-ter-um-dia-de-ceu-nublado-neste-sabado-25\/\" \/>\n<meta property=\"og:locale\" content=\"pt_BR\" \/>\n<meta property=\"og:type\" content=\"article\" \/>\n<meta property=\"og:title\" content=\"Assis deve ter um dia de c\u00e9u nublado neste s\u00e1bado (25) | Guia Comercial de Assis SP\" \/>\n<meta property=\"og:description\" content=\"Assis ter\u00e1 um dia nublado com temperaturas entre 23\u00b0C e 34\u00b0C.\" \/>\n<meta property=\"og:url\" content=\"https:\/\/www.encontraassis.com.br\/guia\/assis-deve-ter-um-dia-de-ceu-nublado-neste-sabado-25\/\" \/>\n<meta property=\"og:site_name\" content=\"Guia Comercial de Assis SP\" \/>\n<meta property=\"article:published_time\" content=\"2026-04-25T15:20:00+00:00\" \/>\n<meta property=\"og:image\" content=\"https:\/\/www.encontraassis.com.br\/guia\/wp-content\/uploads\/2026\/04\/assis-deve-ter-um-dia-de-ceu-nublado-neste-sabado-25.webp\" \/>\n<meta name=\"author\" content=\"Encontra Assis\" \/>\n<meta name=\"twitter:card\" content=\"summary_large_image\" \/>\n<meta name=\"twitter:label1\" content=\"Escrito por\" \/>\n\t<meta name=\"twitter:data1\" content=\"Encontra Assis\" \/>\n\t<meta name=\"twitter:label2\" content=\"Est. tempo de leitura\" \/>\n\t<meta name=\"twitter:data2\" content=\"4 minutos\" \/>\n<script type=\"application\/ld+json\" class=\"yoast-schema-graph\">{\"@context\":\"https:\/\/schema.org\",\"@graph\":[{\"@type\":\"WebPage\",\"@id\":\"https:\/\/www.encontraassis.com.br\/guia\/assis-deve-ter-um-dia-de-ceu-nublado-neste-sabado-25\/\",\"url\":\"https:\/\/www.encontraassis.com.br\/guia\/assis-deve-ter-um-dia-de-ceu-nublado-neste-sabado-25\/\",\"name\":\"Assis deve ter um dia de c\u00e9u nublado neste s\u00e1bado (25) | Guia Comercial de Assis SP\",\"isPartOf\":{\"@id\":\"https:\/\/www.encontraassis.com.br\/guia\/#website\"},\"primaryImageOfPage\":{\"@id\":\"https:\/\/www.encontraassis.com.br\/guia\/assis-deve-ter-um-dia-de-ceu-nublado-neste-sabado-25\/#primaryimage\"},\"image\":{\"@id\":\"https:\/\/www.encontraassis.com.br\/guia\/assis-deve-ter-um-dia-de-ceu-nublado-neste-sabado-25\/#primaryimage\"},\"thumbnailUrl\":\"https:\/\/www.encontraassis.com.br\/guia\/wp-content\/uploads\/2026\/04\/assis-deve-ter-um-dia-de-ceu-nublado-neste-sabado-25.webp\",\"datePublished\":\"2026-04-25T15:20:00+00:00\",\"author\":{\"@id\":\"https:\/\/www.encontraassis.com.br\/guia\/#\/schema\/person\/05eae637c8b283c24716ab905641bc4c\"},\"inLanguage\":\"pt-BR\",\"potentialAction\":[{\"@type\":\"ReadAction\",\"target\":[\"https:\/\/www.encontraassis.com.br\/guia\/assis-deve-ter-um-dia-de-ceu-nublado-neste-sabado-25\/\"]}]},{\"@type\":\"ImageObject\",\"inLanguage\":\"pt-BR\",\"@id\":\"https:\/\/www.encontraassis.com.br\/guia\/assis-deve-ter-um-dia-de-ceu-nublado-neste-sabado-25\/#primaryimage\",\"url\":\"https:\/\/www.encontraassis.com.br\/guia\/wp-content\/uploads\/2026\/04\/assis-deve-ter-um-dia-de-ceu-nublado-neste-sabado-25.webp\",\"contentUrl\":\"https:\/\/www.encontraassis.com.br\/guia\/wp-content\/uploads\/2026\/04\/assis-deve-ter-um-dia-de-ceu-nublado-neste-sabado-25.webp\",\"width\":280,\"height\":280,\"caption\":\"Assis\"},{\"@type\":\"WebSite\",\"@id\":\"https:\/\/www.encontraassis.com.br\/guia\/#website\",\"url\":\"https:\/\/www.encontraassis.com.br\/guia\/\",\"name\":\"Guia Comercial de Assis SP\",\"description\":\"ENCONTRA ASSIS - O guia comercial de neg\u00f3cios e empresas, cultura e divers\u00e3o na cidade de Assis. Feito 100% para voc\u00ea morador!\",\"potentialAction\":[{\"@type\":\"SearchAction\",\"target\":{\"@type\":\"EntryPoint\",\"urlTemplate\":\"https:\/\/www.encontraassis.com.br\/guia\/?s={search_term_string}\"},\"query-input\":{\"@type\":\"PropertyValueSpecification\",\"valueRequired\":true,\"valueName\":\"search_term_string\"}}],\"inLanguage\":\"pt-BR\"},{\"@type\":\"Person\",\"@id\":\"https:\/\/www.encontraassis.com.br\/guia\/#\/schema\/person\/05eae637c8b283c24716ab905641bc4c\",\"name\":\"Encontra Assis\",\"image\":{\"@type\":\"ImageObject\",\"inLanguage\":\"pt-BR\",\"@id\":\"https:\/\/www.encontraassis.com.br\/guia\/#\/schema\/person\/image\/\",\"url\":\"https:\/\/secure.gravatar.com\/avatar\/c50c17820bcf322f0a8fd6b110b8c0918141409dc69076470f6fca5fee70a5d4?s=96&d=mm&r=g\",\"contentUrl\":\"https:\/\/secure.gravatar.com\/avatar\/c50c17820bcf322f0a8fd6b110b8c0918141409dc69076470f6fca5fee70a5d4?s=96&d=mm&r=g\",\"caption\":\"Encontra Assis\"},\"url\":\"https:\/\/www.encontraassis.com.br\/guia\/author\/encontraassis\/\"}]}<\/script>\n<!-- \/ Yoast SEO plugin. -->","yoast_head_json":{"title":"Assis deve ter um dia de c\u00e9u nublado neste s\u00e1bado (25) | Guia Comercial de Assis SP","robots":{"index":"index","follow":"follow","max-snippet":"max-snippet:-1","max-image-preview":"max-image-preview:large","max-video-preview":"max-video-preview:-1"},"canonical":"https:\/\/www.encontraassis.com.br\/guia\/assis-deve-ter-um-dia-de-ceu-nublado-neste-sabado-25\/","og_locale":"pt_BR","og_type":"article","og_title":"Assis deve ter um dia de c\u00e9u nublado neste s\u00e1bado (25) | Guia Comercial de Assis SP","og_description":"Assis ter\u00e1 um dia nublado com temperaturas entre 23\u00b0C e 34\u00b0C.","og_url":"https:\/\/www.encontraassis.com.br\/guia\/assis-deve-ter-um-dia-de-ceu-nublado-neste-sabado-25\/","og_site_name":"Guia Comercial de Assis SP","article_published_time":"2026-04-25T15:20:00+00:00","og_image":[{"url":"https:\/\/www.encontraassis.com.br\/guia\/wp-content\/uploads\/2026\/04\/assis-deve-ter-um-dia-de-ceu-nublado-neste-sabado-25.webp","type":"","width":"","height":""}],"author":"Encontra Assis","twitter_card":"summary_large_image","twitter_misc":{"Escrito por":"Encontra Assis","Est. tempo de leitura":"4 minutos"},"schema":{"@context":"https:\/\/schema.org","@graph":[{"@type":"WebPage","@id":"https:\/\/www.encontraassis.com.br\/guia\/assis-deve-ter-um-dia-de-ceu-nublado-neste-sabado-25\/","url":"https:\/\/www.encontraassis.com.br\/guia\/assis-deve-ter-um-dia-de-ceu-nublado-neste-sabado-25\/","name":"Assis deve ter um dia de c\u00e9u nublado neste s\u00e1bado (25) | Guia Comercial de Assis SP","isPartOf":{"@id":"https:\/\/www.encontraassis.com.br\/guia\/#website"},"primaryImageOfPage":{"@id":"https:\/\/www.encontraassis.com.br\/guia\/assis-deve-ter-um-dia-de-ceu-nublado-neste-sabado-25\/#primaryimage"},"image":{"@id":"https:\/\/www.encontraassis.com.br\/guia\/assis-deve-ter-um-dia-de-ceu-nublado-neste-sabado-25\/#primaryimage"},"thumbnailUrl":"https:\/\/www.encontraassis.com.br\/guia\/wp-content\/uploads\/2026\/04\/assis-deve-ter-um-dia-de-ceu-nublado-neste-sabado-25.webp","datePublished":"2026-04-25T15:20:00+00:00","author":{"@id":"https:\/\/www.encontraassis.com.br\/guia\/#\/schema\/person\/05eae637c8b283c24716ab905641bc4c"},"inLanguage":"pt-BR","potentialAction":[{"@type":"ReadAction","target":["https:\/\/www.encontraassis.com.br\/guia\/assis-deve-ter-um-dia-de-ceu-nublado-neste-sabado-25\/"]}]},{"@type":"ImageObject","inLanguage":"pt-BR","@id":"https:\/\/www.encontraassis.com.br\/guia\/assis-deve-ter-um-dia-de-ceu-nublado-neste-sabado-25\/#primaryimage","url":"https:\/\/www.encontraassis.com.br\/guia\/wp-content\/uploads\/2026\/04\/assis-deve-ter-um-dia-de-ceu-nublado-neste-sabado-25.webp","contentUrl":"https:\/\/www.encontraassis.com.br\/guia\/wp-content\/uploads\/2026\/04\/assis-deve-ter-um-dia-de-ceu-nublado-neste-sabado-25.webp","width":280,"height":280,"caption":"Assis"},{"@type":"WebSite","@id":"https:\/\/www.encontraassis.com.br\/guia\/#website","url":"https:\/\/www.encontraassis.com.br\/guia\/","name":"Guia Comercial de Assis SP","description":"ENCONTRA ASSIS - O guia comercial de neg\u00f3cios e empresas, cultura e divers\u00e3o na cidade de Assis. Feito 100% para voc\u00ea morador!","potentialAction":[{"@type":"SearchAction","target":{"@type":"EntryPoint","urlTemplate":"https:\/\/www.encontraassis.com.br\/guia\/?s={search_term_string}"},"query-input":{"@type":"PropertyValueSpecification","valueRequired":true,"valueName":"search_term_string"}}],"inLanguage":"pt-BR"},{"@type":"Person","@id":"https:\/\/www.encontraassis.com.br\/guia\/#\/schema\/person\/05eae637c8b283c24716ab905641bc4c","name":"Encontra Assis","image":{"@type":"ImageObject","inLanguage":"pt-BR","@id":"https:\/\/www.encontraassis.com.br\/guia\/#\/schema\/person\/image\/","url":"https:\/\/secure.gravatar.com\/avatar\/c50c17820bcf322f0a8fd6b110b8c0918141409dc69076470f6fca5fee70a5d4?s=96&d=mm&r=g","contentUrl":"https:\/\/secure.gravatar.com\/avatar\/c50c17820bcf322f0a8fd6b110b8c0918141409dc69076470f6fca5fee70a5d4?s=96&d=mm&r=g","caption":"Encontra Assis"},"url":"https:\/\/www.encontraassis.com.br\/guia\/author\/encontraassis\/"}]}},"_links":{"self":[{"href":"https:\/\/www.encontraassis.com.br\/guia\/wp-json\/wp\/v2\/posts\/5328","targetHints":{"allow":["GET"]}}],"collection":[{"href":"https:\/\/www.encontraassis.com.br\/guia\/wp-json\/wp\/v2\/posts"}],"about":[{"href":"https:\/\/www.encontraassis.com.br\/guia\/wp-json\/wp\/v2\/types\/post"}],"author":[{"embeddable":true,"href":"https:\/\/www.encontraassis.com.br\/guia\/wp-json\/wp\/v2\/users\/1"}],"replies":[{"embeddable":true,"href":"https:\/\/www.encontraassis.com.br\/guia\/wp-json\/wp\/v2\/comments?post=5328"}],"version-history":[{"count":0,"href":"https:\/\/www.encontraassis.com.br\/guia\/wp-json\/wp\/v2\/posts\/5328\/revisions"}],"wp:featuredmedia":[{"embeddable":true,"href":"https:\/\/www.encontraassis.com.br\/guia\/wp-json\/wp\/v2\/media\/5327"}],"wp:attachment":[{"href":"https:\/\/www.encontraassis.com.br\/guia\/wp-json\/wp\/v2\/media?parent=5328"}],"wp:term":[{"taxonomy":"category","embeddable":true,"href":"https:\/\/www.encontraassis.com.br\/guia\/wp-json\/wp\/v2\/categories?post=5328"},{"taxonomy":"post_tag","embeddable":true,"href":"https:\/\/www.encontraassis.com.br\/guia\/wp-json\/wp\/v2\/tags?post=5328"}],"curies":[{"name":"wp","href":"https:\/\/api.w.org\/{rel}","templated":true}]}}