{"id":5330,"date":"2026-04-25T12:21:18","date_gmt":"2026-04-25T15:21:18","guid":{"rendered":"https:\/\/www.encontraassis.com.br\/guia\/cartorio-eleitoral-de-assis-tera-horario-ampliado-de-1o-a-6-de-maio\/"},"modified":"2026-04-25T12:21:18","modified_gmt":"2026-04-25T15:21:18","slug":"cartorio-eleitoral-de-assis-tera-horario-ampliado-de-1o-a-6-de-maio","status":"publish","type":"post","link":"https:\/\/www.encontraassis.com.br\/guia\/cartorio-eleitoral-de-assis-tera-horario-ampliado-de-1o-a-6-de-maio\/","title":{"rendered":"Cart\u00f3rio Eleitoral de Assis ter\u00e1 hor\u00e1rio ampliado de 1\u00ba a 6 de maio"},"content":{"rendered":"<h2>Atendimento Especial Durante o Feriado<\/h2>\n<p>O Cart\u00f3rio Eleitoral de Assis se preparou para atender os cidad\u00e3os de forma excepcional entre o feriado do 1\u00ba de maio e o dia 6 do mesmo m\u00eas. Este per\u00edodo ampliado tem como principal objetivo facilitar o atendimento para aqueles que necessitam tirar o primeiro t\u00edtulo de eleitor, regularizar pend\u00eancias ou realizar o cadastro de biometria, tudo visando a participa\u00e7\u00e3o nas Elei\u00e7\u00f5es de 2026.<\/p>\n<h2>Hor\u00e1rios de Funcionamento Ampliados<\/h2>\n<p>Os hor\u00e1rios de funcionamento do cart\u00f3rio eleitoral durante esse per\u00edodo especial ser\u00e3o os seguintes:<\/p>\n<ul>\n<li><strong>Feriado do Dia do Trabalho (1\u00ba de maio):<\/strong> das 9h \u00e0s 15h.<\/li>\n<li><strong>S\u00e1bado (2) e Domingo (3):<\/strong> das 9h \u00e0s 15h.<\/li>\n<li><strong>Segunda (4), Ter\u00e7a (5) e Quarta (6):<\/strong> das 9h \u00e0s 17h.<\/li>\n<\/ul>\n<p>\u00c9 importante ressaltar que o dia 6 de maio representa o prazo m\u00e1ximo para que os eleitores emitam, transfiram ou regularizem o seu t\u00edtulo, j\u00e1 que a partir do dia 7, conforme estipulado pelo artigo 91 da Lei das Elei\u00e7\u00f5es, os cadastros estar\u00e3o fechados. O 1\u00ba turno das elei\u00e7\u00f5es est\u00e1 agendado para o dia 4 de outubro desse ano, onde os eleitores poder\u00e3o votar em diversas op\u00e7\u00f5es, incluindo deputados e governadores.<\/p>\n<p><img decoding=\"async\" src=\"https:\/\/www.encontraassis.com.br\/guia\/wp-content\/uploads\/2026\/04\/cartorio-eleitoral-de-assis-tera-horario-ampliado-de-1-a-6-de-maio.webp\" alt=\"Cart\u00f3rio Eleitoral de Assis\" loading=\"lazy\" \/><\/p>\n<h2>Como Regularizar seu T\u00edtulo Eleitoral<\/h2>\n<p>Antes de comparecer ao cart\u00f3rio, o Tribunal Regional Eleitoral de S\u00e3o Paulo (TRE-SP) recomenda que os eleitores verifiquem a situa\u00e7\u00e3o do seu t\u00edtulo ou da coleta biom\u00e9trica. Para isso, basta acessar a p\u00e1gina de Autoatendimento no site do TRE-SP e utilizar a op\u00e7\u00e3o \u201cSitua\u00e7\u00e3o do t\u00edtulo\u201d em \u201cConsultas\u201d. \u00c9 necess\u00e1rio informar o n\u00famero do t\u00edtulo, CPF ou nome completo.<\/p>\n<h2>Import\u00e2ncia da Biometria nas Elei\u00e7\u00f5es<\/h2>\n<p>A biometria \u00e9 uma ferramenta fundamental para modernizar o processo eleitoral e aumentar a seguran\u00e7a durante as elei\u00e7\u00f5es. Apenas quem n\u00e3o possui o t\u00edtulo ou n\u00e3o realizou a coleta biom\u00e9trica deve buscar atendimento presencial nos cart\u00f3rios. Aqueles que j\u00e1 t\u00eam seu registro biom\u00e9trico poder\u00e3o acessar v\u00e1rios servi\u00e7os online, evitando assim filas e agilizando a regulariza\u00e7\u00e3o de seus dados.<\/p>\n<h2>Quem Pode Utilizar os Servi\u00e7os<\/h2>\n<p>\u00c9 poss\u00edvel solicitar atendimento presencial no cart\u00f3rio eleitoral para:<\/p>\n<ul>\n<li>Pessoas que desejam tirar seu primeiro t\u00edtulo de eleitor.<\/li>\n<li>Eleitores que precisam regularizar pend\u00eancias existentes.<\/li>\n<li>Aqueles que ainda n\u00e3o realizaram a coleta da biometria.<\/li>\n<\/ul>\n<p>Para os que j\u00e1 possuem a biometria, os servi\u00e7os podem ser realizados completamente online atrav\u00e9s da plataforma do Autoatendimento.<\/p>\n<h2>Documenta\u00e7\u00e3o Necess\u00e1ria para Atendimento<\/h2>\n<p>Os indiv\u00edduos que se dirigirem ao cart\u00f3rio eleitoral para solicitar o primeiro t\u00edtulo devem portar os seguintes documentos:<\/p>\n<ul>\n<li>Um documento de identifica\u00e7\u00e3o com foto, como RG.<\/li>\n<li>Comprovante de resid\u00eancia recente em seu nome, que pode ser uma conta de luz, \u00e1gua ou telefone.<\/li>\n<li>Os homens que completaram 19 anos em 2026 devem apresentar o certificado de quita\u00e7\u00e3o militar.<\/li>\n<\/ul>\n<h2>O Que Fazer se Voc\u00ea Perdeu o T\u00edtulo<\/h2>\n<p>Os eleitores que perderam o t\u00edtulo tamb\u00e9m podem buscar a regulariza\u00e7\u00e3o. Neste caso, \u00e9 necess\u00e1rio levar um documento de identifica\u00e7\u00e3o com foto e os comprovantes exigidos. A emiss\u00e3o da segunda via do t\u00edtulo \u00e9 um servi\u00e7o gratuito.<\/p>\n<h2>D\u00favidas Frequentes sobre o Atendimento<\/h2>\n<p>Se voc\u00ea tiver alguma d\u00favida durante o atendimento, o TRE-SP disponibiliza a Central de Atendimento ao Eleitor, que pode ser acessada pelo n\u00famero 148. Al\u00e9m disso, o chatbot conhecido como Lina est\u00e1 dispon\u00edvel no site do TRE-SP e via WhatsApp para ajud\u00e1-lo.<\/p>\n<h2>Benef\u00edcios do Atendimento Online<\/h2>\n<p>Os benef\u00edcios de optar pelo atendimento online incluem:<\/p>\n<ul>\n<li><strong>Praticidade:<\/strong> Atrav\u00e9s do Autoatendimento, os eleitores podem solicitar a transfer\u00eancia do domic\u00edlio eleitoral, atualizar dados pessoais e regularizar t\u00edtulos sem sair de casa.<\/li>\n<li><strong>Agilidade:<\/strong> A digitaliza\u00e7\u00e3o do processo reduz o tempo de espera, evitando filas longas.<\/li>\n<li><strong>Disponibilidade:<\/strong> Os servi\u00e7os online podem ser acessados a qualquer momento, tornando o atendimento mais flex\u00edvel.<\/li>\n<\/ul>\n<h2>Outras Informa\u00e7\u00f5es Importantes sobre o Cart\u00f3rio<\/h2>\n<p>Finalmente, \u00e9 v\u00e1lido refor\u00e7ar que todos os servi\u00e7os eleitorais s\u00e3o gratuitos, exceto em casos de multas por faltas a elei\u00e7\u00f5es anteriores. Os eleitores ainda podem consultar quaisquer d\u00e9bitos de forma pr\u00e1tica utilizando a plataforma de Autoatendimento. Para garantir que sua participa\u00e7\u00e3o nas elei\u00e7\u00f5es ocorra sem problemas, fique atento \u00e0s datas e opera\u00e7\u00f5es dispon\u00edveis no cart\u00f3rio de sua cidade.<\/p>\n","protected":false},"excerpt":{"rendered":"<p>Cart\u00f3rio Eleitoral de Assis tem hor\u00e1rios especiais para biometria e regulariza\u00e7\u00e3o.<\/p>\n","protected":false},"author":1,"featured_media":5329,"comment_status":"open","ping_status":"open","sticky":false,"template":"","format":"standard","meta":{"footnotes":""},"categories":[5],"tags":[],"class_list":["post-5330","post","type-post","status-publish","format-standard","has-post-thumbnail","hentry","category-noticias","has_thumb"],"yoast_head":"<!-- This site is optimized with the Yoast SEO plugin v26.4 - https:\/\/yoast.com\/wordpress\/plugins\/seo\/ -->\n<title>Cart\u00f3rio Eleitoral de Assis ter\u00e1 hor\u00e1rio ampliado de 1\u00ba a 6 de maio | Guia Comercial de Assis SP<\/title>\n<meta name=\"robots\" content=\"index, follow, max-snippet:-1, max-image-preview:large, max-video-preview:-1\" \/>\n<link rel=\"canonical\" href=\"https:\/\/www.encontraassis.com.br\/guia\/cartorio-eleitoral-de-assis-tera-horario-ampliado-de-1o-a-6-de-maio\/\" \/>\n<meta property=\"og:locale\" content=\"pt_BR\" \/>\n<meta property=\"og:type\" content=\"article\" \/>\n<meta property=\"og:title\" content=\"Cart\u00f3rio Eleitoral de Assis ter\u00e1 hor\u00e1rio ampliado de 1\u00ba a 6 de maio | Guia Comercial de Assis SP\" \/>\n<meta property=\"og:description\" content=\"Cart\u00f3rio Eleitoral de Assis tem hor\u00e1rios especiais para biometria e regulariza\u00e7\u00e3o.\" \/>\n<meta property=\"og:url\" content=\"https:\/\/www.encontraassis.com.br\/guia\/cartorio-eleitoral-de-assis-tera-horario-ampliado-de-1o-a-6-de-maio\/\" \/>\n<meta property=\"og:site_name\" content=\"Guia Comercial de Assis SP\" \/>\n<meta property=\"article:published_time\" content=\"2026-04-25T15:21:18+00:00\" \/>\n<meta property=\"og:image\" content=\"https:\/\/www.encontraassis.com.br\/guia\/wp-content\/uploads\/2026\/04\/cartorio-eleitoral-de-assis-tera-horario-ampliado-de-1-a-6-de-maio.webp\" \/>\n<meta name=\"author\" content=\"Encontra Assis\" \/>\n<meta name=\"twitter:card\" content=\"summary_large_image\" \/>\n<meta name=\"twitter:label1\" content=\"Escrito por\" \/>\n\t<meta name=\"twitter:data1\" content=\"Encontra Assis\" \/>\n\t<meta name=\"twitter:label2\" content=\"Est. tempo de leitura\" \/>\n\t<meta name=\"twitter:data2\" content=\"4 minutos\" \/>\n<script type=\"application\/ld+json\" class=\"yoast-schema-graph\">{\"@context\":\"https:\/\/schema.org\",\"@graph\":[{\"@type\":\"WebPage\",\"@id\":\"https:\/\/www.encontraassis.com.br\/guia\/cartorio-eleitoral-de-assis-tera-horario-ampliado-de-1o-a-6-de-maio\/\",\"url\":\"https:\/\/www.encontraassis.com.br\/guia\/cartorio-eleitoral-de-assis-tera-horario-ampliado-de-1o-a-6-de-maio\/\",\"name\":\"Cart\u00f3rio Eleitoral de Assis ter\u00e1 hor\u00e1rio ampliado de 1\u00ba a 6 de maio | Guia Comercial de Assis SP\",\"isPartOf\":{\"@id\":\"https:\/\/www.encontraassis.com.br\/guia\/#website\"},\"primaryImageOfPage\":{\"@id\":\"https:\/\/www.encontraassis.com.br\/guia\/cartorio-eleitoral-de-assis-tera-horario-ampliado-de-1o-a-6-de-maio\/#primaryimage\"},\"image\":{\"@id\":\"https:\/\/www.encontraassis.com.br\/guia\/cartorio-eleitoral-de-assis-tera-horario-ampliado-de-1o-a-6-de-maio\/#primaryimage\"},\"thumbnailUrl\":\"https:\/\/www.encontraassis.com.br\/guia\/wp-content\/uploads\/2026\/04\/cartorio-eleitoral-de-assis-tera-horario-ampliado-de-1-a-6-de-maio.webp\",\"datePublished\":\"2026-04-25T15:21:18+00:00\",\"author\":{\"@id\":\"https:\/\/www.encontraassis.com.br\/guia\/#\/schema\/person\/05eae637c8b283c24716ab905641bc4c\"},\"inLanguage\":\"pt-BR\",\"potentialAction\":[{\"@type\":\"ReadAction\",\"target\":[\"https:\/\/www.encontraassis.com.br\/guia\/cartorio-eleitoral-de-assis-tera-horario-ampliado-de-1o-a-6-de-maio\/\"]}]},{\"@type\":\"ImageObject\",\"inLanguage\":\"pt-BR\",\"@id\":\"https:\/\/www.encontraassis.com.br\/guia\/cartorio-eleitoral-de-assis-tera-horario-ampliado-de-1o-a-6-de-maio\/#primaryimage\",\"url\":\"https:\/\/www.encontraassis.com.br\/guia\/wp-content\/uploads\/2026\/04\/cartorio-eleitoral-de-assis-tera-horario-ampliado-de-1-a-6-de-maio.webp\",\"contentUrl\":\"https:\/\/www.encontraassis.com.br\/guia\/wp-content\/uploads\/2026\/04\/cartorio-eleitoral-de-assis-tera-horario-ampliado-de-1-a-6-de-maio.webp\",\"width\":280,\"height\":280,\"caption\":\"Cart\u00f3rio Eleitoral de Assis\"},{\"@type\":\"WebSite\",\"@id\":\"https:\/\/www.encontraassis.com.br\/guia\/#website\",\"url\":\"https:\/\/www.encontraassis.com.br\/guia\/\",\"name\":\"Guia Comercial de Assis SP\",\"description\":\"ENCONTRA ASSIS - O guia comercial de neg\u00f3cios e empresas, cultura e divers\u00e3o na cidade de Assis. Feito 100% para voc\u00ea morador!\",\"potentialAction\":[{\"@type\":\"SearchAction\",\"target\":{\"@type\":\"EntryPoint\",\"urlTemplate\":\"https:\/\/www.encontraassis.com.br\/guia\/?s={search_term_string}\"},\"query-input\":{\"@type\":\"PropertyValueSpecification\",\"valueRequired\":true,\"valueName\":\"search_term_string\"}}],\"inLanguage\":\"pt-BR\"},{\"@type\":\"Person\",\"@id\":\"https:\/\/www.encontraassis.com.br\/guia\/#\/schema\/person\/05eae637c8b283c24716ab905641bc4c\",\"name\":\"Encontra Assis\",\"image\":{\"@type\":\"ImageObject\",\"inLanguage\":\"pt-BR\",\"@id\":\"https:\/\/www.encontraassis.com.br\/guia\/#\/schema\/person\/image\/\",\"url\":\"https:\/\/secure.gravatar.com\/avatar\/c50c17820bcf322f0a8fd6b110b8c0918141409dc69076470f6fca5fee70a5d4?s=96&d=mm&r=g\",\"contentUrl\":\"https:\/\/secure.gravatar.com\/avatar\/c50c17820bcf322f0a8fd6b110b8c0918141409dc69076470f6fca5fee70a5d4?s=96&d=mm&r=g\",\"caption\":\"Encontra Assis\"},\"url\":\"https:\/\/www.encontraassis.com.br\/guia\/author\/encontraassis\/\"}]}<\/script>\n<!-- \/ Yoast SEO plugin. -->","yoast_head_json":{"title":"Cart\u00f3rio Eleitoral de Assis ter\u00e1 hor\u00e1rio ampliado de 1\u00ba a 6 de maio | Guia Comercial de Assis SP","robots":{"index":"index","follow":"follow","max-snippet":"max-snippet:-1","max-image-preview":"max-image-preview:large","max-video-preview":"max-video-preview:-1"},"canonical":"https:\/\/www.encontraassis.com.br\/guia\/cartorio-eleitoral-de-assis-tera-horario-ampliado-de-1o-a-6-de-maio\/","og_locale":"pt_BR","og_type":"article","og_title":"Cart\u00f3rio Eleitoral de Assis ter\u00e1 hor\u00e1rio ampliado de 1\u00ba a 6 de maio | Guia Comercial de Assis SP","og_description":"Cart\u00f3rio Eleitoral de Assis tem hor\u00e1rios especiais para biometria e regulariza\u00e7\u00e3o.","og_url":"https:\/\/www.encontraassis.com.br\/guia\/cartorio-eleitoral-de-assis-tera-horario-ampliado-de-1o-a-6-de-maio\/","og_site_name":"Guia Comercial de Assis SP","article_published_time":"2026-04-25T15:21:18+00:00","og_image":[{"url":"https:\/\/www.encontraassis.com.br\/guia\/wp-content\/uploads\/2026\/04\/cartorio-eleitoral-de-assis-tera-horario-ampliado-de-1-a-6-de-maio.webp","type":"","width":"","height":""}],"author":"Encontra Assis","twitter_card":"summary_large_image","twitter_misc":{"Escrito por":"Encontra Assis","Est. tempo de leitura":"4 minutos"},"schema":{"@context":"https:\/\/schema.org","@graph":[{"@type":"WebPage","@id":"https:\/\/www.encontraassis.com.br\/guia\/cartorio-eleitoral-de-assis-tera-horario-ampliado-de-1o-a-6-de-maio\/","url":"https:\/\/www.encontraassis.com.br\/guia\/cartorio-eleitoral-de-assis-tera-horario-ampliado-de-1o-a-6-de-maio\/","name":"Cart\u00f3rio Eleitoral de Assis ter\u00e1 hor\u00e1rio ampliado de 1\u00ba a 6 de maio | Guia Comercial de Assis SP","isPartOf":{"@id":"https:\/\/www.encontraassis.com.br\/guia\/#website"},"primaryImageOfPage":{"@id":"https:\/\/www.encontraassis.com.br\/guia\/cartorio-eleitoral-de-assis-tera-horario-ampliado-de-1o-a-6-de-maio\/#primaryimage"},"image":{"@id":"https:\/\/www.encontraassis.com.br\/guia\/cartorio-eleitoral-de-assis-tera-horario-ampliado-de-1o-a-6-de-maio\/#primaryimage"},"thumbnailUrl":"https:\/\/www.encontraassis.com.br\/guia\/wp-content\/uploads\/2026\/04\/cartorio-eleitoral-de-assis-tera-horario-ampliado-de-1-a-6-de-maio.webp","datePublished":"2026-04-25T15:21:18+00:00","author":{"@id":"https:\/\/www.encontraassis.com.br\/guia\/#\/schema\/person\/05eae637c8b283c24716ab905641bc4c"},"inLanguage":"pt-BR","potentialAction":[{"@type":"ReadAction","target":["https:\/\/www.encontraassis.com.br\/guia\/cartorio-eleitoral-de-assis-tera-horario-ampliado-de-1o-a-6-de-maio\/"]}]},{"@type":"ImageObject","inLanguage":"pt-BR","@id":"https:\/\/www.encontraassis.com.br\/guia\/cartorio-eleitoral-de-assis-tera-horario-ampliado-de-1o-a-6-de-maio\/#primaryimage","url":"https:\/\/www.encontraassis.com.br\/guia\/wp-content\/uploads\/2026\/04\/cartorio-eleitoral-de-assis-tera-horario-ampliado-de-1-a-6-de-maio.webp","contentUrl":"https:\/\/www.encontraassis.com.br\/guia\/wp-content\/uploads\/2026\/04\/cartorio-eleitoral-de-assis-tera-horario-ampliado-de-1-a-6-de-maio.webp","width":280,"height":280,"caption":"Cart\u00f3rio Eleitoral de Assis"},{"@type":"WebSite","@id":"https:\/\/www.encontraassis.com.br\/guia\/#website","url":"https:\/\/www.encontraassis.com.br\/guia\/","name":"Guia Comercial de Assis SP","description":"ENCONTRA ASSIS - O guia comercial de neg\u00f3cios e empresas, cultura e divers\u00e3o na cidade de Assis. Feito 100% para voc\u00ea morador!","potentialAction":[{"@type":"SearchAction","target":{"@type":"EntryPoint","urlTemplate":"https:\/\/www.encontraassis.com.br\/guia\/?s={search_term_string}"},"query-input":{"@type":"PropertyValueSpecification","valueRequired":true,"valueName":"search_term_string"}}],"inLanguage":"pt-BR"},{"@type":"Person","@id":"https:\/\/www.encontraassis.com.br\/guia\/#\/schema\/person\/05eae637c8b283c24716ab905641bc4c","name":"Encontra Assis","image":{"@type":"ImageObject","inLanguage":"pt-BR","@id":"https:\/\/www.encontraassis.com.br\/guia\/#\/schema\/person\/image\/","url":"https:\/\/secure.gravatar.com\/avatar\/c50c17820bcf322f0a8fd6b110b8c0918141409dc69076470f6fca5fee70a5d4?s=96&d=mm&r=g","contentUrl":"https:\/\/secure.gravatar.com\/avatar\/c50c17820bcf322f0a8fd6b110b8c0918141409dc69076470f6fca5fee70a5d4?s=96&d=mm&r=g","caption":"Encontra Assis"},"url":"https:\/\/www.encontraassis.com.br\/guia\/author\/encontraassis\/"}]}},"_links":{"self":[{"href":"https:\/\/www.encontraassis.com.br\/guia\/wp-json\/wp\/v2\/posts\/5330","targetHints":{"allow":["GET"]}}],"collection":[{"href":"https:\/\/www.encontraassis.com.br\/guia\/wp-json\/wp\/v2\/posts"}],"about":[{"href":"https:\/\/www.encontraassis.com.br\/guia\/wp-json\/wp\/v2\/types\/post"}],"author":[{"embeddable":true,"href":"https:\/\/www.encontraassis.com.br\/guia\/wp-json\/wp\/v2\/users\/1"}],"replies":[{"embeddable":true,"href":"https:\/\/www.encontraassis.com.br\/guia\/wp-json\/wp\/v2\/comments?post=5330"}],"version-history":[{"count":0,"href":"https:\/\/www.encontraassis.com.br\/guia\/wp-json\/wp\/v2\/posts\/5330\/revisions"}],"wp:featuredmedia":[{"embeddable":true,"href":"https:\/\/www.encontraassis.com.br\/guia\/wp-json\/wp\/v2\/media\/5329"}],"wp:attachment":[{"href":"https:\/\/www.encontraassis.com.br\/guia\/wp-json\/wp\/v2\/media?parent=5330"}],"wp:term":[{"taxonomy":"category","embeddable":true,"href":"https:\/\/www.encontraassis.com.br\/guia\/wp-json\/wp\/v2\/categories?post=5330"},{"taxonomy":"post_tag","embeddable":true,"href":"https:\/\/www.encontraassis.com.br\/guia\/wp-json\/wp\/v2\/tags?post=5330"}],"curies":[{"name":"wp","href":"https:\/\/api.w.org\/{rel}","templated":true}]}}