{"id":5332,"date":"2026-04-25T12:22:20","date_gmt":"2026-04-25T15:22:20","guid":{"rendered":"https:\/\/www.encontraassis.com.br\/guia\/homem-procurado-pela-justica-e-capturado-em-florinea\/"},"modified":"2026-04-25T12:22:20","modified_gmt":"2026-04-25T15:22:20","slug":"homem-procurado-pela-justica-e-capturado-em-florinea","status":"publish","type":"post","link":"https:\/\/www.encontraassis.com.br\/guia\/homem-procurado-pela-justica-e-capturado-em-florinea\/","title":{"rendered":"Homem procurado pela justi\u00e7a \u00e9 capturado em Flor\u00ednea"},"content":{"rendered":"<h2>O que levou \u00e0 captura<\/h2>\n<p>No dia 22 de abril de 2026, um homem que estava sendo procurado pela justi\u00e7a foi detido pelo Policiamento Rodovi\u00e1rio em uma opera\u00e7\u00e3o de rotina na Rodovia Miguel Jubran, em Flor\u00ednea, S\u00e3o Paulo. Durante a fiscaliza\u00e7\u00e3o, os policiais requisitaram a parada de um ve\u00edculo, momento em que verificaram que o motorista possu\u00eda um mandado de pris\u00e3o em aberto, relacionado a acusa\u00e7\u00f5es de importuna\u00e7\u00e3o sexual. Essa opera\u00e7\u00e3o faz parte de um esfor\u00e7o cont\u00ednuo da pol\u00edcia para capturar suspeitos e garantir a seguran\u00e7a da comunidade.<\/p>\n<h2>Entendendo a importuna\u00e7\u00e3o sexual<\/h2>\n<p>A importuna\u00e7\u00e3o sexual \u00e9 um crime que se caracteriza por atos de natureza sexual que visam assediar ou constranger a v\u00edtima, sem seu consentimento. A legisla\u00e7\u00e3o brasileira tem tratado este tipo de crime com severidade, considerando a gravidade que representa, especialmente em uma sociedade em que o respeito \u00e0 dignidade do indiv\u00edduo \u00e9 fundamental. Este crime pode ocorrer em diversos contextos, como em locais p\u00fablicos, e frequentemente resulta em consequ\u00eancias emocionais duradouras para as v\u00edtimas.<\/p>\n<h2>A import\u00e2ncia da fiscaliza\u00e7\u00e3o policial<\/h2>\n<p>A atividade de fiscaliza\u00e7\u00e3o realizada pela pol\u00edcia \u00e9 essencial para a manuten\u00e7\u00e3o da ordem p\u00fablica e seguran\u00e7a dos cidad\u00e3os. As opera\u00e7\u00f5es, como a realizada na Rodovia Miguel Jubran, visam n\u00e3o apenas prender pessoas procuradas pela justi\u00e7a, mas tamb\u00e9m inibir a pr\u00e1tica de crimes e proteger a sociedade de potenciais amea\u00e7as. A presen\u00e7a ativa da pol\u00edcia pode ajudar a criar um ambiente mais seguro e gerar confian\u00e7a na popula\u00e7\u00e3o, incentivando a colabora\u00e7\u00e3o com as autoridades na den\u00fancia de crimes.<\/p>\n<p><img decoding=\"async\" src=\"https:\/\/www.encontraassis.com.br\/guia\/wp-content\/uploads\/2026\/04\/homem-procurado-pela-justica-e-capturado-em-florinea.webp\" alt=\"homem procurado pela justi\u00e7a\" loading=\"lazy\" \/><\/p>\n<h2>Rea\u00e7\u00f5es da comunidade sobre a captura<\/h2>\n<p>A captura do homem procurado gerou rea\u00e7\u00f5es diversas no seio da comunidade de Flor\u00ednea. Muitos moradores expressaram al\u00edvio com a not\u00edcia, ressaltando a import\u00e2ncia da atua\u00e7\u00e3o policial diante de crimes que afetam a integridade e seguran\u00e7a dos cidad\u00e3os. Al\u00e9m disso, houve um fortalecimento do debate sobre a necessidade de campanhas informativas sobre importuna\u00e7\u00e3o sexual, visando educar e conscientizar a popula\u00e7\u00e3o sobre as formas de preven\u00e7\u00e3o e combate a esse tipo de crime.<\/p>\n<h2>Hist\u00f3rico do suspeito e seus crimes<\/h2>\n<p>Embora as informa\u00e7\u00f5es sobre o hist\u00f3rico do suspeito n\u00e3o tenham sido amplamente divulgadas, \u00e9 comum que indiv\u00edduos procurados pela justi\u00e7a tenham um hist\u00f3rico de comportamentos delituosos que os leva a serem alvos de mandados de pris\u00e3o. No caso da importuna\u00e7\u00e3o sexual, \u00e9 fundamental que haja um acompanhamento psicol\u00f3gico e social para prevenir a reincid\u00eancia, bem como medidas reeducativas que possam contribuir para a reintegra\u00e7\u00e3o do indiv\u00edduo na sociedade, caso ele seja restitu\u00eddo \u00e0 liberdade no futuro.<\/p>\n<h2>Como a justi\u00e7a atua em casos de importuna\u00e7\u00e3o<\/h2>\n<p>Quando uma pessoa \u00e9 acusada de importuna\u00e7\u00e3o sexual, o sistema judicial brasileiro adota uma s\u00e9rie de passos que visam garantir um julgamento justo. O suspeito \u00e9 inicialmente ouvido, e evid\u00eancias s\u00e3o coletadas para determinar a veracidade das alega\u00e7\u00f5es. Dependendo da gravidade do crime e do contexto em que ocorreu, penas podem variar e incluir deten\u00e7\u00e3o. A justi\u00e7a tamb\u00e9m \u00e9 respons\u00e1vel por assegurar que as v\u00edtimas recebam apoio adequado durante todo o processo legal.<\/p>\n<h2>Impacto da Opera\u00e7\u00e3o Impacto\/F\u00eanix<\/h2>\n<p>A Opera\u00e7\u00e3o Impacto\/F\u00eanix, que envolveu a captura do homem em Flor\u00ednea, \u00e9 um exemplo da estrat\u00e9gia da pol\u00edcia paulista de intensificar a fiscaliza\u00e7\u00e3o e a repress\u00e3o a crimes de grande relev\u00e2ncia, como a importuna\u00e7\u00e3o sexual. Tais opera\u00e7\u00f5es buscam aumentar a efic\u00e1cia policial e a resposta r\u00e1pida a demandas do seguran\u00e7a p\u00fablica, reduzindo os \u00edndices de criminalidade nas \u00e1reas onde s\u00e3o realizadas. A opera\u00e7\u00e3o tamb\u00e9m serve para refor\u00e7ar a presen\u00e7a policial nas estradas e em locais de grande circula\u00e7\u00e3o, fazendo com que potenciais criminosos pensem duas vezes antes de agir.<\/p>\n<h2>Passos seguintes ap\u00f3s a pris\u00e3o<\/h2>\n<p>Ap\u00f3s a pris\u00e3o do suspeito, os procedimentos legais seguem seu curso. O homem foi levado para a Central de Pol\u00edcia Judici\u00e1ria de Assis, onde passa por interrogat\u00f3rio e coleta de provas. Em seguida, ele ser\u00e1 encaminhado para a cadeia p\u00fablica de C\u00e2ndido Mota, onde permanecer\u00e1 \u00e0 disposi\u00e7\u00e3o da justi\u00e7a. Durante este per\u00edodo, a expectativa \u00e9 de que as investiga\u00e7\u00f5es se aprofundem, e a poss\u00edvel recupera\u00e7\u00e3o das v\u00edtimas seja priorizada, bem como a an\u00e1lise do comportamento do suspeito para evitar futuras ocorr\u00eancias.<\/p>\n<h2>A repercuss\u00e3o na m\u00eddia local<\/h2>\n<p>A deten\u00e7\u00e3o do homem procurado pela justi\u00e7a recebeu aten\u00e7\u00e3o significativa da m\u00eddia local. As reportagens destacaram n\u00e3o apenas o crime de importuna\u00e7\u00e3o sexual, mas tamb\u00e9m a import\u00e2ncia da a\u00e7\u00e3o policial em garantir a seguran\u00e7a da comunidade. A cobertura m\u00e9di\u00e1tica contribui para aumentar a conscientiza\u00e7\u00e3o sobre a viol\u00eancia sexual, bem como a necessidade de um sistema de justi\u00e7a eficaz que proteja as v\u00edtimas e puna adequadamente os agressores.<\/p>\n<h2>Dicas de seguran\u00e7a para a comunidade<\/h2>\n<p>Em resposta a crimes como a importuna\u00e7\u00e3o sexual, \u00e9 importante que a comunidade esteja ciente de algumas estrat\u00e9gias de seguran\u00e7a. Aqui est\u00e3o algumas dicas:<\/p>\n<ul>\n<li><strong>Mantenha-se alerta:<\/strong> Esteja sempre atento ao seu entorno, especialmente em locais p\u00fablicos e movimentados.<\/li>\n<li><strong>Denuncie:<\/strong> Se voc\u00ea ou algu\u00e9m que voc\u00ea conhece for v\u00edtima de importuna\u00e7\u00e3o sexual, n\u00e3o hesite em denunciar \u00e0s autoridades competentes.<\/li>\n<li><strong>Participe de grupos comunit\u00e1rios:<\/strong> Engaje-se em reuni\u00f5es e atividades que abordem quest\u00f5es de seguran\u00e7a e direitos, fortalecendo a uni\u00e3o da comunidade.<\/li>\n<li><strong>Eduque-se:<\/strong> Busque informa\u00e7\u00f5es e participe de campanhas educativas sobre importuna\u00e7\u00e3o sexual e ass\u00e9dio, para saber como agir e como auxiliar outros.<\/li>\n<li><strong>Utilize redes sociais:<\/strong> As redes sociais podem ser uma ferramenta poderosa para disseminar informa\u00e7\u00f5es sobre seguran\u00e7a e alertar os moradores sobre incidentes relevantes.<\/li>\n<\/ul>\n","protected":false},"excerpt":{"rendered":"<p>Homem procurado pela justi\u00e7a \u00e9 capturado em Flor\u00ednea por importuna\u00e7\u00e3o sexual.<\/p>\n","protected":false},"author":1,"featured_media":5331,"comment_status":"open","ping_status":"open","sticky":false,"template":"","format":"standard","meta":{"footnotes":""},"categories":[5],"tags":[],"class_list":["post-5332","post","type-post","status-publish","format-standard","has-post-thumbnail","hentry","category-noticias","has_thumb"],"yoast_head":"<!-- This site is optimized with the Yoast SEO plugin v26.4 - https:\/\/yoast.com\/wordpress\/plugins\/seo\/ -->\n<title>Homem procurado pela justi\u00e7a \u00e9 capturado em Flor\u00ednea | Guia Comercial de Assis SP<\/title>\n<meta name=\"robots\" content=\"index, follow, max-snippet:-1, max-image-preview:large, max-video-preview:-1\" \/>\n<link rel=\"canonical\" href=\"https:\/\/www.encontraassis.com.br\/guia\/homem-procurado-pela-justica-e-capturado-em-florinea\/\" \/>\n<meta property=\"og:locale\" content=\"pt_BR\" \/>\n<meta property=\"og:type\" content=\"article\" \/>\n<meta property=\"og:title\" content=\"Homem procurado pela justi\u00e7a \u00e9 capturado em Flor\u00ednea | Guia Comercial de Assis SP\" \/>\n<meta property=\"og:description\" content=\"Homem procurado pela justi\u00e7a \u00e9 capturado em Flor\u00ednea por importuna\u00e7\u00e3o sexual.\" \/>\n<meta property=\"og:url\" content=\"https:\/\/www.encontraassis.com.br\/guia\/homem-procurado-pela-justica-e-capturado-em-florinea\/\" \/>\n<meta property=\"og:site_name\" content=\"Guia Comercial de Assis SP\" \/>\n<meta property=\"article:published_time\" content=\"2026-04-25T15:22:20+00:00\" \/>\n<meta property=\"og:image\" content=\"https:\/\/www.encontraassis.com.br\/guia\/wp-content\/uploads\/2026\/04\/homem-procurado-pela-justica-e-capturado-em-florinea.webp\" \/>\n<meta name=\"author\" content=\"Encontra Assis\" \/>\n<meta name=\"twitter:card\" content=\"summary_large_image\" \/>\n<meta name=\"twitter:label1\" content=\"Escrito por\" \/>\n\t<meta name=\"twitter:data1\" content=\"Encontra Assis\" \/>\n\t<meta name=\"twitter:label2\" content=\"Est. tempo de leitura\" \/>\n\t<meta name=\"twitter:data2\" content=\"5 minutos\" \/>\n<script type=\"application\/ld+json\" class=\"yoast-schema-graph\">{\"@context\":\"https:\/\/schema.org\",\"@graph\":[{\"@type\":\"WebPage\",\"@id\":\"https:\/\/www.encontraassis.com.br\/guia\/homem-procurado-pela-justica-e-capturado-em-florinea\/\",\"url\":\"https:\/\/www.encontraassis.com.br\/guia\/homem-procurado-pela-justica-e-capturado-em-florinea\/\",\"name\":\"Homem procurado pela justi\u00e7a \u00e9 capturado em Flor\u00ednea | Guia Comercial de Assis SP\",\"isPartOf\":{\"@id\":\"https:\/\/www.encontraassis.com.br\/guia\/#website\"},\"primaryImageOfPage\":{\"@id\":\"https:\/\/www.encontraassis.com.br\/guia\/homem-procurado-pela-justica-e-capturado-em-florinea\/#primaryimage\"},\"image\":{\"@id\":\"https:\/\/www.encontraassis.com.br\/guia\/homem-procurado-pela-justica-e-capturado-em-florinea\/#primaryimage\"},\"thumbnailUrl\":\"https:\/\/www.encontraassis.com.br\/guia\/wp-content\/uploads\/2026\/04\/homem-procurado-pela-justica-e-capturado-em-florinea.webp\",\"datePublished\":\"2026-04-25T15:22:20+00:00\",\"author\":{\"@id\":\"https:\/\/www.encontraassis.com.br\/guia\/#\/schema\/person\/05eae637c8b283c24716ab905641bc4c\"},\"inLanguage\":\"pt-BR\",\"potentialAction\":[{\"@type\":\"ReadAction\",\"target\":[\"https:\/\/www.encontraassis.com.br\/guia\/homem-procurado-pela-justica-e-capturado-em-florinea\/\"]}]},{\"@type\":\"ImageObject\",\"inLanguage\":\"pt-BR\",\"@id\":\"https:\/\/www.encontraassis.com.br\/guia\/homem-procurado-pela-justica-e-capturado-em-florinea\/#primaryimage\",\"url\":\"https:\/\/www.encontraassis.com.br\/guia\/wp-content\/uploads\/2026\/04\/homem-procurado-pela-justica-e-capturado-em-florinea.webp\",\"contentUrl\":\"https:\/\/www.encontraassis.com.br\/guia\/wp-content\/uploads\/2026\/04\/homem-procurado-pela-justica-e-capturado-em-florinea.webp\",\"width\":280,\"height\":280,\"caption\":\"homem procurado pela justi\u00e7a\"},{\"@type\":\"WebSite\",\"@id\":\"https:\/\/www.encontraassis.com.br\/guia\/#website\",\"url\":\"https:\/\/www.encontraassis.com.br\/guia\/\",\"name\":\"Guia Comercial de Assis SP\",\"description\":\"ENCONTRA ASSIS - O guia comercial de neg\u00f3cios e empresas, cultura e divers\u00e3o na cidade de Assis. Feito 100% para voc\u00ea morador!\",\"potentialAction\":[{\"@type\":\"SearchAction\",\"target\":{\"@type\":\"EntryPoint\",\"urlTemplate\":\"https:\/\/www.encontraassis.com.br\/guia\/?s={search_term_string}\"},\"query-input\":{\"@type\":\"PropertyValueSpecification\",\"valueRequired\":true,\"valueName\":\"search_term_string\"}}],\"inLanguage\":\"pt-BR\"},{\"@type\":\"Person\",\"@id\":\"https:\/\/www.encontraassis.com.br\/guia\/#\/schema\/person\/05eae637c8b283c24716ab905641bc4c\",\"name\":\"Encontra Assis\",\"image\":{\"@type\":\"ImageObject\",\"inLanguage\":\"pt-BR\",\"@id\":\"https:\/\/www.encontraassis.com.br\/guia\/#\/schema\/person\/image\/\",\"url\":\"https:\/\/secure.gravatar.com\/avatar\/c50c17820bcf322f0a8fd6b110b8c0918141409dc69076470f6fca5fee70a5d4?s=96&d=mm&r=g\",\"contentUrl\":\"https:\/\/secure.gravatar.com\/avatar\/c50c17820bcf322f0a8fd6b110b8c0918141409dc69076470f6fca5fee70a5d4?s=96&d=mm&r=g\",\"caption\":\"Encontra Assis\"},\"url\":\"https:\/\/www.encontraassis.com.br\/guia\/author\/encontraassis\/\"}]}<\/script>\n<!-- \/ Yoast SEO plugin. -->","yoast_head_json":{"title":"Homem procurado pela justi\u00e7a \u00e9 capturado em Flor\u00ednea | Guia Comercial de Assis SP","robots":{"index":"index","follow":"follow","max-snippet":"max-snippet:-1","max-image-preview":"max-image-preview:large","max-video-preview":"max-video-preview:-1"},"canonical":"https:\/\/www.encontraassis.com.br\/guia\/homem-procurado-pela-justica-e-capturado-em-florinea\/","og_locale":"pt_BR","og_type":"article","og_title":"Homem procurado pela justi\u00e7a \u00e9 capturado em Flor\u00ednea | Guia Comercial de Assis SP","og_description":"Homem procurado pela justi\u00e7a \u00e9 capturado em Flor\u00ednea por importuna\u00e7\u00e3o sexual.","og_url":"https:\/\/www.encontraassis.com.br\/guia\/homem-procurado-pela-justica-e-capturado-em-florinea\/","og_site_name":"Guia Comercial de Assis SP","article_published_time":"2026-04-25T15:22:20+00:00","og_image":[{"url":"https:\/\/www.encontraassis.com.br\/guia\/wp-content\/uploads\/2026\/04\/homem-procurado-pela-justica-e-capturado-em-florinea.webp","type":"","width":"","height":""}],"author":"Encontra Assis","twitter_card":"summary_large_image","twitter_misc":{"Escrito por":"Encontra Assis","Est. tempo de leitura":"5 minutos"},"schema":{"@context":"https:\/\/schema.org","@graph":[{"@type":"WebPage","@id":"https:\/\/www.encontraassis.com.br\/guia\/homem-procurado-pela-justica-e-capturado-em-florinea\/","url":"https:\/\/www.encontraassis.com.br\/guia\/homem-procurado-pela-justica-e-capturado-em-florinea\/","name":"Homem procurado pela justi\u00e7a \u00e9 capturado em Flor\u00ednea | Guia Comercial de Assis SP","isPartOf":{"@id":"https:\/\/www.encontraassis.com.br\/guia\/#website"},"primaryImageOfPage":{"@id":"https:\/\/www.encontraassis.com.br\/guia\/homem-procurado-pela-justica-e-capturado-em-florinea\/#primaryimage"},"image":{"@id":"https:\/\/www.encontraassis.com.br\/guia\/homem-procurado-pela-justica-e-capturado-em-florinea\/#primaryimage"},"thumbnailUrl":"https:\/\/www.encontraassis.com.br\/guia\/wp-content\/uploads\/2026\/04\/homem-procurado-pela-justica-e-capturado-em-florinea.webp","datePublished":"2026-04-25T15:22:20+00:00","author":{"@id":"https:\/\/www.encontraassis.com.br\/guia\/#\/schema\/person\/05eae637c8b283c24716ab905641bc4c"},"inLanguage":"pt-BR","potentialAction":[{"@type":"ReadAction","target":["https:\/\/www.encontraassis.com.br\/guia\/homem-procurado-pela-justica-e-capturado-em-florinea\/"]}]},{"@type":"ImageObject","inLanguage":"pt-BR","@id":"https:\/\/www.encontraassis.com.br\/guia\/homem-procurado-pela-justica-e-capturado-em-florinea\/#primaryimage","url":"https:\/\/www.encontraassis.com.br\/guia\/wp-content\/uploads\/2026\/04\/homem-procurado-pela-justica-e-capturado-em-florinea.webp","contentUrl":"https:\/\/www.encontraassis.com.br\/guia\/wp-content\/uploads\/2026\/04\/homem-procurado-pela-justica-e-capturado-em-florinea.webp","width":280,"height":280,"caption":"homem procurado pela justi\u00e7a"},{"@type":"WebSite","@id":"https:\/\/www.encontraassis.com.br\/guia\/#website","url":"https:\/\/www.encontraassis.com.br\/guia\/","name":"Guia Comercial de Assis SP","description":"ENCONTRA ASSIS - O guia comercial de neg\u00f3cios e empresas, cultura e divers\u00e3o na cidade de Assis. Feito 100% para voc\u00ea morador!","potentialAction":[{"@type":"SearchAction","target":{"@type":"EntryPoint","urlTemplate":"https:\/\/www.encontraassis.com.br\/guia\/?s={search_term_string}"},"query-input":{"@type":"PropertyValueSpecification","valueRequired":true,"valueName":"search_term_string"}}],"inLanguage":"pt-BR"},{"@type":"Person","@id":"https:\/\/www.encontraassis.com.br\/guia\/#\/schema\/person\/05eae637c8b283c24716ab905641bc4c","name":"Encontra Assis","image":{"@type":"ImageObject","inLanguage":"pt-BR","@id":"https:\/\/www.encontraassis.com.br\/guia\/#\/schema\/person\/image\/","url":"https:\/\/secure.gravatar.com\/avatar\/c50c17820bcf322f0a8fd6b110b8c0918141409dc69076470f6fca5fee70a5d4?s=96&d=mm&r=g","contentUrl":"https:\/\/secure.gravatar.com\/avatar\/c50c17820bcf322f0a8fd6b110b8c0918141409dc69076470f6fca5fee70a5d4?s=96&d=mm&r=g","caption":"Encontra Assis"},"url":"https:\/\/www.encontraassis.com.br\/guia\/author\/encontraassis\/"}]}},"_links":{"self":[{"href":"https:\/\/www.encontraassis.com.br\/guia\/wp-json\/wp\/v2\/posts\/5332","targetHints":{"allow":["GET"]}}],"collection":[{"href":"https:\/\/www.encontraassis.com.br\/guia\/wp-json\/wp\/v2\/posts"}],"about":[{"href":"https:\/\/www.encontraassis.com.br\/guia\/wp-json\/wp\/v2\/types\/post"}],"author":[{"embeddable":true,"href":"https:\/\/www.encontraassis.com.br\/guia\/wp-json\/wp\/v2\/users\/1"}],"replies":[{"embeddable":true,"href":"https:\/\/www.encontraassis.com.br\/guia\/wp-json\/wp\/v2\/comments?post=5332"}],"version-history":[{"count":0,"href":"https:\/\/www.encontraassis.com.br\/guia\/wp-json\/wp\/v2\/posts\/5332\/revisions"}],"wp:featuredmedia":[{"embeddable":true,"href":"https:\/\/www.encontraassis.com.br\/guia\/wp-json\/wp\/v2\/media\/5331"}],"wp:attachment":[{"href":"https:\/\/www.encontraassis.com.br\/guia\/wp-json\/wp\/v2\/media?parent=5332"}],"wp:term":[{"taxonomy":"category","embeddable":true,"href":"https:\/\/www.encontraassis.com.br\/guia\/wp-json\/wp\/v2\/categories?post=5332"},{"taxonomy":"post_tag","embeddable":true,"href":"https:\/\/www.encontraassis.com.br\/guia\/wp-json\/wp\/v2\/tags?post=5332"}],"curies":[{"name":"wp","href":"https:\/\/api.w.org\/{rel}","templated":true}]}}